{"id":231695,"date":"2018-02-28T13:06:26","date_gmt":"2018-02-28T13:06:26","guid":{"rendered":"http:\/\/diariodominicano.ddns.net\/?p=231695"},"modified":"2018-02-28T13:06:26","modified_gmt":"2018-02-28T13:06:26","slug":"evo-morales-saluda-candidatura-a-reeleccion-de-presidente-venezolano","status":"publish","type":"post","link":"https:\/\/diariodominicano.com\/?p=231695","title":{"rendered":"Evo Morales saluda candidatura a reelecci\u00f3n de presidente venezolano"},"content":{"rendered":"<p><body><\/p>\n<p><img decoding=\"async\" src=\"img3\/presidente-evo-morales.jpg\" \/>  <\/p>\n<\/p>\n<p>La Paz, 28 feb (PL) El presidente de Bolivia, Evo Morales, felicit\u00f3 hoy la candidatura a la reelecci\u00f3n de su hom\u00f3logo venezolano, Nicol\u00e1s Maduro, en las elecciones del 22 de abril pr\u00f3ximo.<\/p>\n<\/p>\n<p>&#8216;Estamos seguros que con la verdad y apoyo del soberano venezolano, el hermano Maduro tiene el triunfo seguro sobre el golpismo de (Donald) Trump y sus agentes (Luis) Almagro y (Jorge) Tuto Quiroga&#8217;, agreg\u00f3 en mensaje en la red social Twitter.<\/p>\n<\/p>\n<p>Maduro inscribi\u00f3 este martes su candidatura para los pr\u00f3ximos comicios y entreg\u00f3 formalmente el Plan de la Patria 2019-2025 en la sede del Consejo Nacional Electoral de su pa\u00eds.<\/p>\n<\/p>\n<p>De tal manera, el jefe de Estado venezolano coment\u00f3 que este Plan contiene unas 30 mil propuestas realizadas por el pueblo, a fin de llevar a la naci\u00f3n a la prosperidad econ\u00f3mica.<\/p>\n<h6> 2018-02-28 13:06:26 <\/h6>\n<p><!--\n<link rel=\"stylesheet\" href=\"css\/bootstrap.min.css\">\n\n\n<ul class=\"pagination\">\n\t    \n\t\n\n<li >\n\t<a href='?page_no=11280'>Previous<\/a>\n\t<\/li>\n\n\n       \n    \n\n<li><a href='?page_no=1'>1<\/a><\/li>\n\n\n\n<li><a href='?page_no=2'>2<\/a><\/li>\n\n\n\n<li><a>...<\/a><\/li>\n\n\n\n<li><a href='?page_no=11279'>11279<\/a><\/li>\n\n\n\n<li><a href='?page_no=11280'>11280<\/a><\/li>\n\n\n\n<li class='active'><a>11281<\/a><\/li>\n\n\n\n<li><a href='?page_no=11282'>11282<\/a><\/li>\n\n\n\n<li><a href='?page_no=11283'>11283<\/a><\/li>\n\n\n\n<li><a>...<\/a><\/li>\n\n\n\n<li><a href='?page_no=51012'>51012<\/a><\/li>\n\n\n\n<li><a href='?page_no=51013'>51013<\/a><\/li>\n\n    \n\t\n\n<li >\n\t<a href='?page_no=11282'>Next<\/a>\n\t<\/li>\n\n\n    \n\n<li><a href='?page_no=51013'>Last &rsaquo;&rsaquo;<\/a><\/li>\n\n<\/ul>\n\n\n--><br \/>\n<\/body><\/p>\n","protected":false},"excerpt":{"rendered":"<p>La Paz, 28 feb (PL) El presidente de Bolivia, Evo Morales, felicit\u00f3 hoy la candidatura a la reelecci\u00f3n de su hom\u00f3logo venezolano, Nicol\u00e1s Maduro, en las elecciones del 22 de abril pr\u00f3ximo. &#8216;Estamos seguros que con la verdad y apoyo del soberano venezolano, el hermano Maduro tiene el triunfo seguro sobre el golpismo de (Donald) [&hellip;]<\/p>\n","protected":false},"author":3,"featured_media":0,"comment_status":"open","ping_status":"open","sticky":false,"template":"","format":"standard","meta":{"footnotes":""},"categories":[23],"tags":[],"class_list":["post-231695","post","type-post","status-publish","format-standard","hentry","category-internacional"],"_links":{"self":[{"href":"https:\/\/diariodominicano.com\/index.php?rest_route=\/wp\/v2\/posts\/231695","targetHints":{"allow":["GET"]}}],"collection":[{"href":"https:\/\/diariodominicano.com\/index.php?rest_route=\/wp\/v2\/posts"}],"about":[{"href":"https:\/\/diariodominicano.com\/index.php?rest_route=\/wp\/v2\/types\/post"}],"author":[{"embeddable":true,"href":"https:\/\/diariodominicano.com\/index.php?rest_route=\/wp\/v2\/users\/3"}],"replies":[{"embeddable":true,"href":"https:\/\/diariodominicano.com\/index.php?rest_route=%2Fwp%2Fv2%2Fcomments&post=231695"}],"version-history":[{"count":0,"href":"https:\/\/diariodominicano.com\/index.php?rest_route=\/wp\/v2\/posts\/231695\/revisions"}],"wp:attachment":[{"href":"https:\/\/diariodominicano.com\/index.php?rest_route=%2Fwp%2Fv2%2Fmedia&parent=231695"}],"wp:term":[{"taxonomy":"category","embeddable":true,"href":"https:\/\/diariodominicano.com\/index.php?rest_route=%2Fwp%2Fv2%2Fcategories&post=231695"},{"taxonomy":"post_tag","embeddable":true,"href":"https:\/\/diariodominicano.com\/index.php?rest_route=%2Fwp%2Fv2%2Ftags&post=231695"}],"curies":[{"name":"wp","href":"https:\/\/api.w.org\/{rel}","templated":true}]}}