{"id":231481,"date":"2018-03-14T13:32:12","date_gmt":"2018-03-14T13:32:12","guid":{"rendered":"http:\/\/diariodominicano.ddns.net\/?p=231481"},"modified":"2018-03-14T13:32:12","modified_gmt":"2018-03-14T13:32:12","slug":"angela-merkel-reelegida-formalmente-como-canciller-alemana-2","status":"publish","type":"post","link":"https:\/\/diariodominicano.com\/?p=231481","title":{"rendered":"Angela Merkel reelegida formalmente como canciller alemana"},"content":{"rendered":"<p><body><\/p>\n<p><img decoding=\"async\" src=\"img3\/Angela-merkel.jpg\" \/>  <\/p>\n<p><span class=\"text1noticias\">     BERLIN, 14 mar (Xinhua) &#8212; Angela Merkel ha sido reelegida como canciller alemana el mi\u00e9rcoles por el Parlamento, dando comienzo a su cuarto mandato liderando la mayor econom\u00eda europea.<\/span><\/p>\n<p><span class=\"text1noticias\"> <\/span><\/p>\n<p><span class=\"text1noticias\">     Merkel obtuvo 364 votos de los 709 esca\u00f1os en el Bundestag, el parlamento federal alem\u00e1n, asegurando la mayor\u00eda absoluta, anunci\u00f3 el presidente del Bundestag, Wolfgang Schauble.<\/span><\/p>\n<p><span class=\"text1noticias\"> <\/span><\/p>\n<p><span class=\"text1noticias\">     La votaci\u00f3n se produjo 171 d\u00edas despu\u00e9s de las elecciones federales, el tiempo m\u00e1s largo que ha tomado en la historia reciente de Alemania para formar el gobierno.<\/span><\/p>\n<p><span class=\"text1noticias\"> <\/span><\/p>\n<p><span class=\"text1noticias\">     El partido liderado por Merkel, Uni\u00f3n Dem\u00f3crata Cristiana, y el Partido Social Democr\u00e1tico acordaron este lunes formar una coalici\u00f3n de gobierno, la cual es la tercera \u00abGran Coalici\u00f3n\u00bb y la segunda consecutiva entre los dos mayores partidos pol\u00edticos alemanes.<\/span><\/p>\n<p><span class=\"text1noticias\"> <\/span><\/p>\n<p><span class=\"text1noticias\">     La \u00abGran Coalici\u00f3n\u00bb en el Bundestag tiene 399 esca\u00f1os, 35 m\u00e1s que los votos recibidos por Merkel para convertirse de nuevo en canciller alemana.<\/span><\/p>\n<p><span class=\"text1noticias\"> <\/span><\/p>\n<p><span class=\"text1noticias\">     Despu\u00e9s de la elecci\u00f3n, Merkel se reuni\u00f3 con el presidente alem\u00e1n, Frank-Walter Steinmeier, y luego regres\u00f3 al Bundestag para juramentar su cargo. Los ministros de gobierno tambi\u00e9n prestar\u00e1n juramento a lo largo de este mi\u00e9rco<\/span>les. <\/p>\n<h6> 2018-03-14 13:32:12 <\/h6>\n<p><!--\n<link rel=\"stylesheet\" href=\"css\/bootstrap.min.css\">\n\n\n<ul class=\"pagination\">\n\t    \n\t\n\n<li >\n\t<a href='?page_no=11088'>Previous<\/a>\n\t<\/li>\n\n\n       \n    \n\n<li><a href='?page_no=1'>1<\/a><\/li>\n\n\n\n<li><a href='?page_no=2'>2<\/a><\/li>\n\n\n\n<li><a>...<\/a><\/li>\n\n\n\n<li><a href='?page_no=11087'>11087<\/a><\/li>\n\n\n\n<li><a href='?page_no=11088'>11088<\/a><\/li>\n\n\n\n<li class='active'><a>11089<\/a><\/li>\n\n\n\n<li><a href='?page_no=11090'>11090<\/a><\/li>\n\n\n\n<li><a href='?page_no=11091'>11091<\/a><\/li>\n\n\n\n<li><a>...<\/a><\/li>\n\n\n\n<li><a href='?page_no=51012'>51012<\/a><\/li>\n\n\n\n<li><a href='?page_no=51013'>51013<\/a><\/li>\n\n    \n\t\n\n<li >\n\t<a href='?page_no=11090'>Next<\/a>\n\t<\/li>\n\n\n    \n\n<li><a href='?page_no=51013'>Last &rsaquo;&rsaquo;<\/a><\/li>\n\n<\/ul>\n\n\n--><br \/>\n<\/body><\/p>\n","protected":false},"excerpt":{"rendered":"<p>BERLIN, 14 mar (Xinhua) &#8212; Angela Merkel ha sido reelegida como canciller alemana el mi\u00e9rcoles por el Parlamento, dando comienzo a su cuarto mandato liderando la mayor econom\u00eda europea. Merkel obtuvo 364 votos de los 709 esca\u00f1os en el Bundestag, el parlamento federal alem\u00e1n, asegurando la mayor\u00eda absoluta, anunci\u00f3 el presidente del Bundestag, Wolfgang Schauble. [&hellip;]<\/p>\n","protected":false},"author":3,"featured_media":0,"comment_status":"open","ping_status":"open","sticky":false,"template":"","format":"standard","meta":{"footnotes":""},"categories":[23],"tags":[],"class_list":["post-231481","post","type-post","status-publish","format-standard","hentry","category-internacional"],"_links":{"self":[{"href":"https:\/\/diariodominicano.com\/index.php?rest_route=\/wp\/v2\/posts\/231481","targetHints":{"allow":["GET"]}}],"collection":[{"href":"https:\/\/diariodominicano.com\/index.php?rest_route=\/wp\/v2\/posts"}],"about":[{"href":"https:\/\/diariodominicano.com\/index.php?rest_route=\/wp\/v2\/types\/post"}],"author":[{"embeddable":true,"href":"https:\/\/diariodominicano.com\/index.php?rest_route=\/wp\/v2\/users\/3"}],"replies":[{"embeddable":true,"href":"https:\/\/diariodominicano.com\/index.php?rest_route=%2Fwp%2Fv2%2Fcomments&post=231481"}],"version-history":[{"count":0,"href":"https:\/\/diariodominicano.com\/index.php?rest_route=\/wp\/v2\/posts\/231481\/revisions"}],"wp:attachment":[{"href":"https:\/\/diariodominicano.com\/index.php?rest_route=%2Fwp%2Fv2%2Fmedia&parent=231481"}],"wp:term":[{"taxonomy":"category","embeddable":true,"href":"https:\/\/diariodominicano.com\/index.php?rest_route=%2Fwp%2Fv2%2Fcategories&post=231481"},{"taxonomy":"post_tag","embeddable":true,"href":"https:\/\/diariodominicano.com\/index.php?rest_route=%2Fwp%2Fv2%2Ftags&post=231481"}],"curies":[{"name":"wp","href":"https:\/\/api.w.org\/{rel}","templated":true}]}}