{"id":231478,"date":"2018-03-14T14:09:21","date_gmt":"2018-03-14T14:09:21","guid":{"rendered":"http:\/\/diariodominicano.ddns.net\/?p=231478"},"modified":"2018-03-14T14:09:21","modified_gmt":"2018-03-14T14:09:21","slug":"jefe-de-onu-rinde-homenaje-a-stephen-hawking","status":"publish","type":"post","link":"https:\/\/diariodominicano.com\/?p=231478","title":{"rendered":"Jefe de ONU rinde homenaje a Stephen Hawking"},"content":{"rendered":"<p><body><\/p>\n<p><img decoding=\"async\" src=\"img3\/Hawking14.jpg\" \/>  <\/p>\n<p><span class=\"text1noticias\">     NACIONES UNIDAS, 14 mar (Xinhua) &#8212; El secretario general de la ONU, Ant\u00f3nio Guterres, rindi\u00f3 homenaje hoy al renombrado f\u00edsico brit\u00e1nico Stephen Hawking, quien falleci\u00f3 en su hogar en Cambridge a los 76 a\u00f1os de edad.<\/span><\/p>\n<p><span class=\"text1noticias\"> <\/span><\/p>\n<p><span class=\"text1noticias\">     \u00abNaciones Unidas perdi\u00f3 un amigo y el mundo a un firme defensor de la ciencia por el bien com\u00fan\u00bb, public\u00f3 Guterres en Twitter.<\/span><\/p>\n<p><span class=\"text1noticias\"> <\/span><\/p>\n<p><span class=\"text1noticias\">     \u00abStephen Hawking ten\u00eda una fuerza c\u00f3smica y era una fuente de inspiraci\u00f3n. Nos ense\u00f1\u00f3 los misterios del espacio exterior y el potencial de nuestro yo interior\u00bb, a\u00f1adi\u00f3<\/span>. <\/p>\n<h6> 2018-03-14 14:09:21 <\/h6>\n<p><!--\n<link rel=\"stylesheet\" href=\"css\/bootstrap.min.css\">\n\n\n<ul class=\"pagination\">\n\t    \n\t\n\n<li >\n\t<a href='?page_no=11085'>Previous<\/a>\n\t<\/li>\n\n\n       \n    \n\n<li><a href='?page_no=1'>1<\/a><\/li>\n\n\n\n<li><a href='?page_no=2'>2<\/a><\/li>\n\n\n\n<li><a>...<\/a><\/li>\n\n\n\n<li><a href='?page_no=11084'>11084<\/a><\/li>\n\n\n\n<li><a href='?page_no=11085'>11085<\/a><\/li>\n\n\n\n<li class='active'><a>11086<\/a><\/li>\n\n\n\n<li><a href='?page_no=11087'>11087<\/a><\/li>\n\n\n\n<li><a href='?page_no=11088'>11088<\/a><\/li>\n\n\n\n<li><a>...<\/a><\/li>\n\n\n\n<li><a href='?page_no=51012'>51012<\/a><\/li>\n\n\n\n<li><a href='?page_no=51013'>51013<\/a><\/li>\n\n    \n\t\n\n<li >\n\t<a href='?page_no=11087'>Next<\/a>\n\t<\/li>\n\n\n    \n\n<li><a href='?page_no=51013'>Last &rsaquo;&rsaquo;<\/a><\/li>\n\n<\/ul>\n\n\n--><br \/>\n<\/body><\/p>\n","protected":false},"excerpt":{"rendered":"<p>NACIONES UNIDAS, 14 mar (Xinhua) &#8212; El secretario general de la ONU, Ant\u00f3nio Guterres, rindi\u00f3 homenaje hoy al renombrado f\u00edsico brit\u00e1nico Stephen Hawking, quien falleci\u00f3 en su hogar en Cambridge a los 76 a\u00f1os de edad. \u00abNaciones Unidas perdi\u00f3 un amigo y el mundo a un firme defensor de la ciencia por el bien com\u00fan\u00bb, [&hellip;]<\/p>\n","protected":false},"author":3,"featured_media":0,"comment_status":"open","ping_status":"open","sticky":false,"template":"","format":"standard","meta":{"footnotes":""},"categories":[23],"tags":[],"class_list":["post-231478","post","type-post","status-publish","format-standard","hentry","category-internacional"],"_links":{"self":[{"href":"https:\/\/diariodominicano.com\/index.php?rest_route=\/wp\/v2\/posts\/231478","targetHints":{"allow":["GET"]}}],"collection":[{"href":"https:\/\/diariodominicano.com\/index.php?rest_route=\/wp\/v2\/posts"}],"about":[{"href":"https:\/\/diariodominicano.com\/index.php?rest_route=\/wp\/v2\/types\/post"}],"author":[{"embeddable":true,"href":"https:\/\/diariodominicano.com\/index.php?rest_route=\/wp\/v2\/users\/3"}],"replies":[{"embeddable":true,"href":"https:\/\/diariodominicano.com\/index.php?rest_route=%2Fwp%2Fv2%2Fcomments&post=231478"}],"version-history":[{"count":0,"href":"https:\/\/diariodominicano.com\/index.php?rest_route=\/wp\/v2\/posts\/231478\/revisions"}],"wp:attachment":[{"href":"https:\/\/diariodominicano.com\/index.php?rest_route=%2Fwp%2Fv2%2Fmedia&parent=231478"}],"wp:term":[{"taxonomy":"category","embeddable":true,"href":"https:\/\/diariodominicano.com\/index.php?rest_route=%2Fwp%2Fv2%2Fcategories&post=231478"},{"taxonomy":"post_tag","embeddable":true,"href":"https:\/\/diariodominicano.com\/index.php?rest_route=%2Fwp%2Fv2%2Ftags&post=231478"}],"curies":[{"name":"wp","href":"https:\/\/api.w.org\/{rel}","templated":true}]}}