{"id":231475,"date":"2018-03-14T14:46:44","date_gmt":"2018-03-14T14:46:44","guid":{"rendered":"http:\/\/diariodominicano.ddns.net\/?p=231475"},"modified":"2018-03-14T14:46:44","modified_gmt":"2018-03-14T14:46:44","slug":"nra-responde-a-protestas-en-ee-uu-con-foto-de-rifle-ar-15","status":"publish","type":"post","link":"https:\/\/diariodominicano.com\/?p=231475","title":{"rendered":"NRA responde a protestas en EE.UU. con foto de rifle AR-15"},"content":{"rendered":"<p><body><\/p>\n<p><img decoding=\"async\" src=\"img3\/rifle.jpg\" \/>  <\/p>\n<p>Washington, 14 mar (PL) Mientras miles de estudiantes demandan hoy en Estados Unidos acciones concretas contra la violencia armada, la poderosa y pol\u00e9mica Asociaci\u00f3n Nacional del Rifle (NRA) public\u00f3 una imagen del tipo de arma usada en un reciente tiroteo masivo.<\/p>\n<\/p>\n<p>&#8216;Controlar\u00e9 mis propias armas, gracias&#8217;, se lee en una publicaci\u00f3n en Twitter del principal grupo de presi\u00f3n a favor de esos artefactos en el pa\u00eds.<\/p>\n<\/p>\n<p>Ese mensaje aparece escrito en una foto de un rifle AR-15, similar al utilizado hace un mes por el autor de la matanza que dej\u00f3 17 muertos e igual cantidad de heridos en una escuela secundaria de la ciudad de Parkland, Florida.<\/p>\n<\/p>\n<p>Junto a la imagen se agrega la etiqueta #2A, en referencia a la Segunda Enmienda constitucional de Estados Unidos, que establece el derecho de los ciudadanos de este pa\u00eds a portar armas.<\/p>\n<\/p>\n<p>El tuit gener\u00f3 numerosas reacciones, entre ellas las de personas favorables a los criterios de la NRA, la cual sostiene que abogar por mayor control de armas equivale a violar la mencionada enmienda, o que las enfermedades mentales son la causa de los tiroteos masivos.<\/p>\n<\/p>\n<p>Pero muchos internautas criticaron a la organizaci\u00f3n por su rechazo de cualquier norma que haga m\u00e1s estricto el acceso a esos artefactos.<\/p>\n<\/p>\n<p>&#8216;Es completamente posible tener control de armas y poseerlas al mismo tiempo. Eso es sentido com\u00fan&#8217;, escribi\u00f3 uno de los usuarios de Twitter, mientras otro expres\u00f3 que la NRA ya no es grupo de seguridad para la caza y la posesi\u00f3n de armamento, sino &#8216;un cobarde chillido para los fabricantes de armas y municiones&#8217;.<\/p>\n<\/p>\n<p>Otra de las respuestas a la imagen tuiteada por el lobby le se\u00f1al\u00f3 que siempre deja fuera la parte m\u00e1s significativa de la segunda enmienda, en la cual se habla de la necesidad de &#8216;una milicia bien regulada&#8217;.<\/p>\n<\/p>\n<p>Ese mismo internauta llam\u00f3 a prohibir armas de asalto y cargadores de gran capacidad, as\u00ed como a contar con controles de antecedentes universales y aumentar la edad m\u00ednima establecida legalmente para adquirir un arma de fuego.<\/p>\n<\/p>\n<p>Medidas como esas son demandadas por los sobrevivientes del tiroteo del 14 de febrero y por los estudiantes que salieron hoy de sus aulas para realizar un paro de 17 minutos y otras acciones en honor a las v\u00edctimas de esa masacre.<\/p>\n<\/p>\n<p>La NRA ha reiterado su oposici\u00f3n a tales propuestas y ha sido blanco de frecuentes cr\u00edticas por esa postura y por su influencia sobre los pol\u00edticos del pa\u00eds, sobre todo republicanos, como el presidente Donald Trump, en cuya campa\u00f1a la organizaci\u00f3n invirti\u00f3 millones de d\u00f3lares.<\/p>\n<\/p>\n<p>&#8216;Hey, hey, NRA, how many kids did you kill today?&#8217; (NRA, cu\u00e1ntos ni\u00f1os mataste hoy) gritaron estudiantes que se congregaron este mi\u00e9rcoles frente al Trump International Hotel en Manhattan, Nueva York.<\/p>\n<h6> 2018-03-14 14:46:44 <\/h6>\n<p><!--\n<link rel=\"stylesheet\" href=\"css\/bootstrap.min.css\">\n\n\n<ul class=\"pagination\">\n\t    \n\t\n\n<li >\n\t<a href='?page_no=11082'>Previous<\/a>\n\t<\/li>\n\n\n       \n    \n\n<li><a href='?page_no=1'>1<\/a><\/li>\n\n\n\n<li><a href='?page_no=2'>2<\/a><\/li>\n\n\n\n<li><a>...<\/a><\/li>\n\n\n\n<li><a href='?page_no=11081'>11081<\/a><\/li>\n\n\n\n<li><a href='?page_no=11082'>11082<\/a><\/li>\n\n\n\n<li class='active'><a>11083<\/a><\/li>\n\n\n\n<li><a href='?page_no=11084'>11084<\/a><\/li>\n\n\n\n<li><a href='?page_no=11085'>11085<\/a><\/li>\n\n\n\n<li><a>...<\/a><\/li>\n\n\n\n<li><a href='?page_no=51012'>51012<\/a><\/li>\n\n\n\n<li><a href='?page_no=51013'>51013<\/a><\/li>\n\n    \n\t\n\n<li >\n\t<a href='?page_no=11084'>Next<\/a>\n\t<\/li>\n\n\n    \n\n<li><a href='?page_no=51013'>Last &rsaquo;&rsaquo;<\/a><\/li>\n\n<\/ul>\n\n\n--><br \/>\n<\/body><\/p>\n","protected":false},"excerpt":{"rendered":"<p>Washington, 14 mar (PL) Mientras miles de estudiantes demandan hoy en Estados Unidos acciones concretas contra la violencia armada, la poderosa y pol\u00e9mica Asociaci\u00f3n Nacional del Rifle (NRA) public\u00f3 una imagen del tipo de arma usada en un reciente tiroteo masivo. &#8216;Controlar\u00e9 mis propias armas, gracias&#8217;, se lee en una publicaci\u00f3n en Twitter del principal [&hellip;]<\/p>\n","protected":false},"author":3,"featured_media":0,"comment_status":"open","ping_status":"open","sticky":false,"template":"","format":"standard","meta":{"footnotes":""},"categories":[23],"tags":[],"class_list":["post-231475","post","type-post","status-publish","format-standard","hentry","category-internacional"],"_links":{"self":[{"href":"https:\/\/diariodominicano.com\/index.php?rest_route=\/wp\/v2\/posts\/231475","targetHints":{"allow":["GET"]}}],"collection":[{"href":"https:\/\/diariodominicano.com\/index.php?rest_route=\/wp\/v2\/posts"}],"about":[{"href":"https:\/\/diariodominicano.com\/index.php?rest_route=\/wp\/v2\/types\/post"}],"author":[{"embeddable":true,"href":"https:\/\/diariodominicano.com\/index.php?rest_route=\/wp\/v2\/users\/3"}],"replies":[{"embeddable":true,"href":"https:\/\/diariodominicano.com\/index.php?rest_route=%2Fwp%2Fv2%2Fcomments&post=231475"}],"version-history":[{"count":0,"href":"https:\/\/diariodominicano.com\/index.php?rest_route=\/wp\/v2\/posts\/231475\/revisions"}],"wp:attachment":[{"href":"https:\/\/diariodominicano.com\/index.php?rest_route=%2Fwp%2Fv2%2Fmedia&parent=231475"}],"wp:term":[{"taxonomy":"category","embeddable":true,"href":"https:\/\/diariodominicano.com\/index.php?rest_route=%2Fwp%2Fv2%2Fcategories&post=231475"},{"taxonomy":"post_tag","embeddable":true,"href":"https:\/\/diariodominicano.com\/index.php?rest_route=%2Fwp%2Fv2%2Ftags&post=231475"}],"curies":[{"name":"wp","href":"https:\/\/api.w.org\/{rel}","templated":true}]}}