{"id":231469,"date":"2018-03-14T23:24:33","date_gmt":"2018-03-14T23:24:33","guid":{"rendered":"http:\/\/diariodominicano.ddns.net\/?p=231469"},"modified":"2018-03-14T23:24:33","modified_gmt":"2018-03-14T23:24:33","slug":"rastrean-en-mexico-posibles-casos-de-sarampion-tras-identificacion-de-tres-enfermos-2","status":"publish","type":"post","link":"https:\/\/diariodominicano.com\/?p=231469","title":{"rendered":"Rastrean en M\u00e9xico posibles casos de sarampi\u00f3n tras identificaci\u00f3n de tres enfermos"},"content":{"rendered":"<p><body><\/p>\n<p><strong> <\/strong><\/p>\n<p><strong>   MEXICO, 14 mar (Xinhua) &#8212; <\/strong>Autoridades de Salud rastrean posibles casos de sarampi\u00f3n en la Ciudad de M\u00e9xico, luego de que se identific\u00f3 que tres personas se enfermaron del virus, inform\u00f3 hoy el gobierno.<\/p>\n<\/p>\n<p>   De acuerdo con la Secretar\u00eda (ministerio) de Salud, los casos confirmados corresponden a una mujer originaria de Italia que reside en la capital del pa\u00eds, su hijo de un a\u00f1o de edad y una mexicana que lo cuida, quienes ya se encuentran asintom\u00e1ticos.<\/p>\n<\/p>\n<p>   La madre, el ni\u00f1o y la empleada fueron contagiadas por una persona infectada de sarampi\u00f3n que visit\u00f3 M\u00e9xico y que todav\u00eda no ha podido ser identificada, detall\u00f3 la cartera federal en un comunicado.<\/p>\n<\/p>\n<p>   Expuso que los an\u00e1lisis los clasificaron como contagios \u00abasociados a importaci\u00f3n\u00bb, porque el pa\u00eds ha tenido ausencia total de circulaci\u00f3n de sarampi\u00f3n durante los \u00faltimos dos a\u00f1os, adem\u00e1s de que no se tiene registro de casos aut\u00f3ctonos desde 1996.<\/p>\n<\/p>\n<p>   \u00abLa Secretar\u00eda de Salud federal y los Servicios de Salud de la Ciudad de M\u00e9xico se encuentran realizando acciones en campo para la identificaci\u00f3n de posibles casos secundarios, as\u00ed como acciones de promoci\u00f3n, prevenci\u00f3n, vacunaci\u00f3n y control de la enfermedad\u00bb, apunt\u00f3.<\/p>\n<\/p>\n<p>   El sarampi\u00f3n es un virus altamente contagioso que se transmite por contacto con fluidos de nariz, boca o garganta y que se caracteriza por causar una erupci\u00f3n cut\u00e1nea, fiebre, tos, secreci\u00f3n nasal y ojos rojos en la persona enferma.<\/p>\n<\/p>\n<p>   La Organizaci\u00f3n Mundial de la Salud (OMS) report\u00f3 que en 2017 se registraron 21.315 casos y 35 defunciones en Europa, con casi la mitad de los enfermos en Italia y Rumania, seg\u00fan la instancia mexicana.<\/p>\n<\/p>\n<p>   Agreg\u00f3 que este a\u00f1o han sido notificados casos importados en ocho pa\u00edses de Am\u00e9rica, con Venezuela como el que ha registrado la mayor\u00eda con 159, seguido por Estados Unidos, con 11. Fin<\/p>\n<h6> 2018-03-14 23:24:33 <\/h6>\n<p><!--\n<link rel=\"stylesheet\" href=\"css\/bootstrap.min.css\">\n\n\n<ul class=\"pagination\">\n\t    \n\t\n\n<li >\n\t<a href='?page_no=11077'>Previous<\/a>\n\t<\/li>\n\n\n       \n    \n\n<li><a href='?page_no=1'>1<\/a><\/li>\n\n\n\n<li><a href='?page_no=2'>2<\/a><\/li>\n\n\n\n<li><a>...<\/a><\/li>\n\n\n\n<li><a href='?page_no=11076'>11076<\/a><\/li>\n\n\n\n<li><a href='?page_no=11077'>11077<\/a><\/li>\n\n\n\n<li class='active'><a>11078<\/a><\/li>\n\n\n\n<li><a href='?page_no=11079'>11079<\/a><\/li>\n\n\n\n<li><a href='?page_no=11080'>11080<\/a><\/li>\n\n\n\n<li><a>...<\/a><\/li>\n\n\n\n<li><a href='?page_no=51012'>51012<\/a><\/li>\n\n\n\n<li><a href='?page_no=51013'>51013<\/a><\/li>\n\n    \n\t\n\n<li >\n\t<a href='?page_no=11079'>Next<\/a>\n\t<\/li>\n\n\n    \n\n<li><a href='?page_no=51013'>Last &rsaquo;&rsaquo;<\/a><\/li>\n\n<\/ul>\n\n\n--><br \/>\n<\/body><\/p>\n","protected":false},"excerpt":{"rendered":"<p>MEXICO, 14 mar (Xinhua) &#8212; Autoridades de Salud rastrean posibles casos de sarampi\u00f3n en la Ciudad de M\u00e9xico, luego de que se identific\u00f3 que tres personas se enfermaron del virus, inform\u00f3 hoy el gobierno. De acuerdo con la Secretar\u00eda (ministerio) de Salud, los casos confirmados corresponden a una mujer originaria de Italia que reside en [&hellip;]<\/p>\n","protected":false},"author":3,"featured_media":0,"comment_status":"open","ping_status":"open","sticky":false,"template":"","format":"standard","meta":{"footnotes":""},"categories":[23],"tags":[],"class_list":["post-231469","post","type-post","status-publish","format-standard","hentry","category-internacional"],"_links":{"self":[{"href":"https:\/\/diariodominicano.com\/index.php?rest_route=\/wp\/v2\/posts\/231469","targetHints":{"allow":["GET"]}}],"collection":[{"href":"https:\/\/diariodominicano.com\/index.php?rest_route=\/wp\/v2\/posts"}],"about":[{"href":"https:\/\/diariodominicano.com\/index.php?rest_route=\/wp\/v2\/types\/post"}],"author":[{"embeddable":true,"href":"https:\/\/diariodominicano.com\/index.php?rest_route=\/wp\/v2\/users\/3"}],"replies":[{"embeddable":true,"href":"https:\/\/diariodominicano.com\/index.php?rest_route=%2Fwp%2Fv2%2Fcomments&post=231469"}],"version-history":[{"count":0,"href":"https:\/\/diariodominicano.com\/index.php?rest_route=\/wp\/v2\/posts\/231469\/revisions"}],"wp:attachment":[{"href":"https:\/\/diariodominicano.com\/index.php?rest_route=%2Fwp%2Fv2%2Fmedia&parent=231469"}],"wp:term":[{"taxonomy":"category","embeddable":true,"href":"https:\/\/diariodominicano.com\/index.php?rest_route=%2Fwp%2Fv2%2Fcategories&post=231469"},{"taxonomy":"post_tag","embeddable":true,"href":"https:\/\/diariodominicano.com\/index.php?rest_route=%2Fwp%2Fv2%2Ftags&post=231469"}],"curies":[{"name":"wp","href":"https:\/\/api.w.org\/{rel}","templated":true}]}}