{"id":231466,"date":"2018-03-14T23:53:43","date_gmt":"2018-03-14T23:53:43","guid":{"rendered":"http:\/\/diariodominicano.ddns.net\/?p=231466"},"modified":"2018-03-14T23:53:43","modified_gmt":"2018-03-14T23:53:43","slug":"mike-pompeo-nominado-por-trump-para-secretario-de-estado","status":"publish","type":"post","link":"https:\/\/diariodominicano.com\/?p=231466","title":{"rendered":"Mike Pompeo, nominado por Trump para secretario de Estado"},"content":{"rendered":"<p><body><\/p>\n<p><strong> <\/strong><\/p>\n<p><strong>   WASHINGTON, 14 mar (Xinhua) &#8212;<\/strong> El presidente de Estados Unidos, Donald Trump, nomin\u00f3 el martes a Mike Pompeo, actual jefe de la Agencia Central de Inteligencia (CIA, por sus siglas en ingl\u00e9s) del pa\u00eds, para sustituir a Rex Tillerson como nuevo  secretario de Estado.<\/p>\n<\/p>\n<p>   La nominaci\u00f3n de Pompeo ahora espera la confirmaci\u00f3n del Senado de Estados Unidos.<\/p>\n<\/p>\n<p>   El siguiente es el perfil del jefe de la CIA.<\/p>\n<\/p>\n<p>   Pompeo naci\u00f3 el 30 de diciembre de 1963 en el estado de California y se gradu\u00f3 primero en su clase de la Academia Militar de Estados Unidos en West Point con licenciatura en Ingenier\u00eda Mec\u00e1nica en 1986.<\/p>\n<\/p>\n<p>   En 1994, Pompeo obtuvo el grado de doctorado en jurisprudencia de la Facultad de Derecho de Harvard.<\/p>\n<\/p>\n<p>   En 2011, fue elegido miembro de la C\u00e1mara de Representantes, donde permaneci\u00f3 hasta 2017. Fue miembro del movimiento Tea Party dentro del partido republicano.<\/p>\n<\/p>\n<p>   El 18 de noviembre de 2016, Trump nomin\u00f3 a Pompeo para dirigir la CIA, cargo que asumi\u00f3 en enero de 2017.<\/p>\n<\/p>\n<p>   Pompeo es ampliamente conocido por su posici\u00f3n de l\u00ednea dura en asuntos de seguridad. Cuando estuvo en el Congreso fue un fuerte cr\u00edtico del acuerdo nuclear de Ir\u00e1n y propuso aplicar m\u00e1s sanciones para contener el programa de misiles bal\u00edsticos del pa\u00eds.<\/p>\n<\/p>\n<p>   Tambi\u00e9n se opuso al cierre del centro de detenci\u00f3n de la bah\u00eda de Guant\u00e1namo y apoy\u00f3 el fortalecimiento de los programas de vigilancia de la Agencia de Seguridad Nacional.<\/p>\n<\/p>\n<p>   Sobre el asunto nuclear de la pen\u00ednsula de Corea, Pompeo ha sido consistentemente duro.<\/p>\n<\/p>\n<p>   Respecto al reciente desarrollo de la situaci\u00f3n en la pen\u00ednsula, Pompeo declar\u00f3 a principios de este mes a la cadena de televisi\u00f3n CBS que la administraci\u00f3n Trump \u00abtiene los ojos muy abiertos y todo el tiempo que se mantenga esta conversaci\u00f3n, la presi\u00f3n continuar\u00e1 aumentando\u00bb sobre Pyongyang.<\/p>\n<\/p>\n<p>   \u00abNo hay alivio a la vista sino hasta que el presidente logre el objetivo que ha establecido consistentemente durante todo su mandato\u00bb, a\u00f1adi\u00f3. Fin<\/p>\n<\/p>\n<h6> 2018-03-14 23:53:43 <\/h6>\n<p><!--\n<link rel=\"stylesheet\" href=\"css\/bootstrap.min.css\">\n\n\n<ul class=\"pagination\">\n\t    \n\t\n\n<li >\n\t<a href='?page_no=11074'>Previous<\/a>\n\t<\/li>\n\n\n       \n    \n\n<li><a href='?page_no=1'>1<\/a><\/li>\n\n\n\n<li><a href='?page_no=2'>2<\/a><\/li>\n\n\n\n<li><a>...<\/a><\/li>\n\n\n\n<li><a href='?page_no=11073'>11073<\/a><\/li>\n\n\n\n<li><a href='?page_no=11074'>11074<\/a><\/li>\n\n\n\n<li class='active'><a>11075<\/a><\/li>\n\n\n\n<li><a href='?page_no=11076'>11076<\/a><\/li>\n\n\n\n<li><a href='?page_no=11077'>11077<\/a><\/li>\n\n\n\n<li><a>...<\/a><\/li>\n\n\n\n<li><a href='?page_no=51012'>51012<\/a><\/li>\n\n\n\n<li><a href='?page_no=51013'>51013<\/a><\/li>\n\n    \n\t\n\n<li >\n\t<a href='?page_no=11076'>Next<\/a>\n\t<\/li>\n\n\n    \n\n<li><a href='?page_no=51013'>Last &rsaquo;&rsaquo;<\/a><\/li>\n\n<\/ul>\n\n\n--><br \/>\n<\/body><\/p>\n","protected":false},"excerpt":{"rendered":"<p>WASHINGTON, 14 mar (Xinhua) &#8212; El presidente de Estados Unidos, Donald Trump, nomin\u00f3 el martes a Mike Pompeo, actual jefe de la Agencia Central de Inteligencia (CIA, por sus siglas en ingl\u00e9s) del pa\u00eds, para sustituir a Rex Tillerson como nuevo secretario de Estado. La nominaci\u00f3n de Pompeo ahora espera la confirmaci\u00f3n del Senado de [&hellip;]<\/p>\n","protected":false},"author":3,"featured_media":0,"comment_status":"open","ping_status":"open","sticky":false,"template":"","format":"standard","meta":{"footnotes":""},"categories":[23],"tags":[],"class_list":["post-231466","post","type-post","status-publish","format-standard","hentry","category-internacional"],"_links":{"self":[{"href":"https:\/\/diariodominicano.com\/index.php?rest_route=\/wp\/v2\/posts\/231466","targetHints":{"allow":["GET"]}}],"collection":[{"href":"https:\/\/diariodominicano.com\/index.php?rest_route=\/wp\/v2\/posts"}],"about":[{"href":"https:\/\/diariodominicano.com\/index.php?rest_route=\/wp\/v2\/types\/post"}],"author":[{"embeddable":true,"href":"https:\/\/diariodominicano.com\/index.php?rest_route=\/wp\/v2\/users\/3"}],"replies":[{"embeddable":true,"href":"https:\/\/diariodominicano.com\/index.php?rest_route=%2Fwp%2Fv2%2Fcomments&post=231466"}],"version-history":[{"count":0,"href":"https:\/\/diariodominicano.com\/index.php?rest_route=\/wp\/v2\/posts\/231466\/revisions"}],"wp:attachment":[{"href":"https:\/\/diariodominicano.com\/index.php?rest_route=%2Fwp%2Fv2%2Fmedia&parent=231466"}],"wp:term":[{"taxonomy":"category","embeddable":true,"href":"https:\/\/diariodominicano.com\/index.php?rest_route=%2Fwp%2Fv2%2Fcategories&post=231466"},{"taxonomy":"post_tag","embeddable":true,"href":"https:\/\/diariodominicano.com\/index.php?rest_route=%2Fwp%2Fv2%2Ftags&post=231466"}],"curies":[{"name":"wp","href":"https:\/\/api.w.org\/{rel}","templated":true}]}}