{"id":231465,"date":"2018-03-15T00:53:11","date_gmt":"2018-03-15T00:53:11","guid":{"rendered":"http:\/\/diariodominicano.ddns.net\/?p=231465"},"modified":"2018-03-15T00:53:11","modified_gmt":"2018-03-15T00:53:11","slug":"asociacion-estrategica-en-horizonte-de-vietnam-y-australia","status":"publish","type":"post","link":"https:\/\/diariodominicano.com\/?p=231465","title":{"rendered":"Asociaci\u00f3n estrat\u00e9gica en horizonte de Vietnam y Australia"},"content":{"rendered":"<p><body><\/p>\n<p><img decoding=\"async\" src=\"img3\/Xuan-Phuc-y-Malcolm-Turnbull.jpg\" \/>  <\/p>\n<p><strong> Canberra, 15 mar (PL) <\/strong>Los primeros ministros, Nguyen Xuan Phuc, de Vietnam, y Malcolm Turnbull, de Australia, sostendr\u00e1n hoy conversaciones oficiales y repasar\u00e1n los contornos m\u00e1s generales de una inminente asociaci\u00f3n estrat\u00e9gica entre ambos pa\u00edses.<\/p>\n<\/p>\n<p>El jefe del gobierno vietnamita arrib\u00f3 ayer a esta capital para cumplir una visita oficial que se extender\u00e1 hasta el domingo y durante la cual tambi\u00e9n participar\u00e1 en la cumbre Australia-Asociaci\u00f3n de Naciones del Sudeste Asi\u00e1tico (Asean).<\/p>\n<\/p>\n<p>Los l\u00edderes de los dos pa\u00edses coinciden en que estos tienen todas las condiciones para elevar sus relaciones, actualmente bajo el estatus de asociaci\u00f3n integral, mediante la firma de un acuerdo de asociaci\u00f3n estrat\u00e9gica en cuyo borrador han estado trabajando expertos desde hace meses.<\/p>\n<\/p>\n<p>Australia es el octavo mayor socio comercial de Vietnam. De 1990 a 2017 sus intercambios comerciales aumentaron 200 veces y en el \u00faltimo de esos a\u00f1os rozaron los seis mil 500 millones de d\u00f3lares.<\/p>\n<\/p>\n<p>Al amparo de la asociaci\u00f3n estrat\u00e9gica y de otros mecanismos bilaterales o regionales, las dos naciones aspiran a elevar su comercio a 10 mil millones de d\u00f3lares en 2020.<\/p>\n<\/p>\n<p>Otro de sus prop\u00f3sitos es fomentar las inversiones mutuas. Australia ejecuta actualmente 412 proyectos en Vietnam, valorados en m\u00e1s de mil 820 millones de d\u00f3lares.<\/p>\n<\/p>\n<p>Tambi\u00e9n avalan el inminente ascenso de sus relaciones los incesantes avances en materia de pol\u00edtica y diplomacia, seguridad y defensa, ciencia y tecnolog\u00eda, cultura y educaci\u00f3n.<\/p>\n<\/p>\n<p>La isla-continente es un sistem\u00e1tico contribuyente de asistencia oficial para el desarrollo a la naci\u00f3n indochina en infraestructura, reducci\u00f3n de la pobreza, respuesta al cambio clim\u00e1tico, igualdad de g\u00e9nero y apoyo a los emprendimientos empresariales, entre otros \u00e1mbitos.<\/p>\n<\/p>\n<p>Seg\u00fan la agenda facilitada a la prensa sobre la visita de cinco d\u00edas del jefe de gobierno vietnamita, este y Turnbull firmar\u00e1n el acuerdo de asociaci\u00f3n estrat\u00e9gica el viernes.<\/p>\n<\/p>\n<p>Ayer, en su primera jornada aqu\u00ed, Xuan Phuc recorri\u00f3 la Universidad Nacional, a cuyas autoridades y estudiantes expuso las particularidades del proceso de reformas que despliega su pa\u00eds para avanzar hacia una econom\u00eda de mercado orientada al socialismo.<\/p>\n<\/p>\n<p>Tambi\u00e9n visit\u00f3 la embajada de Vietnam y dialog\u00f3 con representantes de la comunidad de vietnamitas en Australia, a quienes anim\u00f3 a impulsar las relaciones comerciales, culturales y de amistad entre las dos naciones.<\/p>\n<\/p>\n<p>agp\/asg\/cvl<\/p>\n<h6> 2018-03-15 00:53:11 <\/h6>\n<p><!--\n<link rel=\"stylesheet\" href=\"css\/bootstrap.min.css\">\n\n\n<ul class=\"pagination\">\n\t    \n\t\n\n<li >\n\t<a href='?page_no=11073'>Previous<\/a>\n\t<\/li>\n\n\n       \n    \n\n<li><a href='?page_no=1'>1<\/a><\/li>\n\n\n\n<li><a href='?page_no=2'>2<\/a><\/li>\n\n\n\n<li><a>...<\/a><\/li>\n\n\n\n<li><a href='?page_no=11072'>11072<\/a><\/li>\n\n\n\n<li><a href='?page_no=11073'>11073<\/a><\/li>\n\n\n\n<li class='active'><a>11074<\/a><\/li>\n\n\n\n<li><a href='?page_no=11075'>11075<\/a><\/li>\n\n\n\n<li><a href='?page_no=11076'>11076<\/a><\/li>\n\n\n\n<li><a>...<\/a><\/li>\n\n\n\n<li><a href='?page_no=51012'>51012<\/a><\/li>\n\n\n\n<li><a href='?page_no=51013'>51013<\/a><\/li>\n\n    \n\t\n\n<li >\n\t<a href='?page_no=11075'>Next<\/a>\n\t<\/li>\n\n\n    \n\n<li><a href='?page_no=51013'>Last &rsaquo;&rsaquo;<\/a><\/li>\n\n<\/ul>\n\n\n--><br \/>\n<\/body><\/p>\n","protected":false},"excerpt":{"rendered":"<p>Canberra, 15 mar (PL) Los primeros ministros, Nguyen Xuan Phuc, de Vietnam, y Malcolm Turnbull, de Australia, sostendr\u00e1n hoy conversaciones oficiales y repasar\u00e1n los contornos m\u00e1s generales de una inminente asociaci\u00f3n estrat\u00e9gica entre ambos pa\u00edses. El jefe del gobierno vietnamita arrib\u00f3 ayer a esta capital para cumplir una visita oficial que se extender\u00e1 hasta el [&hellip;]<\/p>\n","protected":false},"author":3,"featured_media":0,"comment_status":"open","ping_status":"open","sticky":false,"template":"","format":"standard","meta":{"footnotes":""},"categories":[23],"tags":[],"class_list":["post-231465","post","type-post","status-publish","format-standard","hentry","category-internacional"],"_links":{"self":[{"href":"https:\/\/diariodominicano.com\/index.php?rest_route=\/wp\/v2\/posts\/231465","targetHints":{"allow":["GET"]}}],"collection":[{"href":"https:\/\/diariodominicano.com\/index.php?rest_route=\/wp\/v2\/posts"}],"about":[{"href":"https:\/\/diariodominicano.com\/index.php?rest_route=\/wp\/v2\/types\/post"}],"author":[{"embeddable":true,"href":"https:\/\/diariodominicano.com\/index.php?rest_route=\/wp\/v2\/users\/3"}],"replies":[{"embeddable":true,"href":"https:\/\/diariodominicano.com\/index.php?rest_route=%2Fwp%2Fv2%2Fcomments&post=231465"}],"version-history":[{"count":0,"href":"https:\/\/diariodominicano.com\/index.php?rest_route=\/wp\/v2\/posts\/231465\/revisions"}],"wp:attachment":[{"href":"https:\/\/diariodominicano.com\/index.php?rest_route=%2Fwp%2Fv2%2Fmedia&parent=231465"}],"wp:term":[{"taxonomy":"category","embeddable":true,"href":"https:\/\/diariodominicano.com\/index.php?rest_route=%2Fwp%2Fv2%2Fcategories&post=231465"},{"taxonomy":"post_tag","embeddable":true,"href":"https:\/\/diariodominicano.com\/index.php?rest_route=%2Fwp%2Fv2%2Ftags&post=231465"}],"curies":[{"name":"wp","href":"https:\/\/api.w.org\/{rel}","templated":true}]}}