{"id":231463,"date":"2018-03-15T09:20:25","date_gmt":"2018-03-15T09:20:25","guid":{"rendered":"http:\/\/diariodominicano.ddns.net\/?p=231463"},"modified":"2018-03-15T09:20:25","modified_gmt":"2018-03-15T09:20:25","slug":"ayuntamiento-de-callosa-de-segura-multa-a-vecina-por-proyectar-cruz-de-luz","status":"publish","type":"post","link":"https:\/\/diariodominicano.com\/?p=231463","title":{"rendered":"Ayuntamiento de Callosa de Segura multa a vecina por proyectar cruz de luz"},"content":{"rendered":"<p><body><\/p>\n<p><img decoding=\"async\" src=\"img3\/Alicante15.jpg\" \/><br \/><img decoding=\"async\" src=\"img3\/cruzEspana15.jpg\" \/>  <\/p>\n<p><span class=\"text1noticias\">Redacci\u00f3n ACI Prensa<\/span><\/p>\n<p><span class=\"text1noticias\"> <\/span><\/p>\n<p><span class=\"text1noticias\">Vaticano, 15 de marzo, 2018.- Una vecina de Callosa de Segura, Alicante (Espa\u00f1a) ha sido multada a pagar 100 euros al d\u00eda por el ayuntamiento por permitir que se proyecte una cruz desde el balc\u00f3n de su casa a la fachada de la iglesia, en donde se situaba la cruz que el alcalde de la localidad retir\u00f3 contraviniendo la ley de memoria hist\u00f3rica el pasado 29 de enero. <\/span><\/p>\n<p><span class=\"text1noticias\"> <\/span><\/p>\n<p><span class=\"text1noticias\">Fran Maci\u00e0, alcalde de la localidad de Callosa de Segura, retir\u00f3 la cruz que se encontraba en la plaza de la iglesia, una decisi\u00f3n que caus\u00f3 gran controversia ya que cientos de vecinos se hab\u00edan turnado m\u00e1s de 400 d\u00edas para evitar que se eliminara dicha cruz y lo hab\u00edan conseguido en tres ocasiones.<\/span><\/p>\n<p><span class=\"text1noticias\"> <\/span><\/p>\n<p><span class=\"text1noticias\">El alcalde aseguraba que esa cruz contraven\u00eda la Ley de Memoria Hist\u00f3rica por la que deben eliminarse los s\u00edmbolos o nombres de lugares p\u00fablicos relacionados con la Guerra Civil espa\u00f1ola  la posterior dictadura de Francisco Franco. Sin embargo esta ley deja fuera de esto a los monumentos de la Iglesia cat\u00f3lica. Algo que no se ha respetado en el caso de Callosa de Segura.<\/span><\/p>\n<p><span class=\"text1noticias\"> <\/span><\/p>\n<p><span class=\"text1noticias\">Como respuesta, desde el Ayuntamiento aumentaron la luz de la plaza para hacer menos visible la silueta de la cruz.<\/span><\/p>\n<p><span class=\"text1noticias\"> <\/span><\/p>\n<p><span class=\"text1noticias\">Pero tambi\u00e9n movilizaron a los gentes de seguridad, por lo que la polic\u00eda se present\u00f3 en la casa de Teresa Agull\u00f3, la vecina que ha permitido que desde su balc\u00f3n se proyecte el holograma de la cruz retirada, y le notific\u00f3 la multa de 100 euros cada d\u00eda que mantenga el proyector en su ventana por \u00abincumplir la normativa municipal\u00bb.<\/span><\/p>\n<p><span class=\"text1noticias\"> <\/span><\/p>\n<p><span class=\"text1noticias\">Seg\u00fan declaraciones recogidas por el diario Mediterr\u00e1neo Digital, Agull\u00f3 asegur\u00f3: \u00abEs mi balc\u00f3n privado, all\u00ed tengo el tr\u00edpode con el foto y no es v\u00eda p\u00fablica. Estoy recibiendo apoyo del pueblo\u00bb.<\/span><\/p>\n<p><span class=\"text1noticias\"> <\/span><\/p>\n<p><span class=\"text1noticias\">Desde la Plataforma en Defensa de la Cruz afirman que presentar\u00e1n \u00abalegaciones a todas estas sanciones\u00bb, porque consideran que \u00abno se est\u00e1 incumpliendo ninguna ordenanza\u00bb y aseguran sentirse  \u00abacosados por el alcalde que manda a la polic\u00eda a intimidar a los vecinos\u00bb.<\/span><\/p>\n<p><span class=\"text1noticias\"> <\/span><\/p>\n<p><span class=\"text1noticias\">Actualmente los vecinos de Callosa de Segura se han ofrecido a pagar el coste de la multa entre todos<\/span>. <\/p>\n<h6> 2018-03-15 09:20:25 <\/h6>\n<p><!--\n<link rel=\"stylesheet\" href=\"css\/bootstrap.min.css\">\n\n\n<ul class=\"pagination\">\n\t    \n\t\n\n<li >\n\t<a href='?page_no=11071'>Previous<\/a>\n\t<\/li>\n\n\n       \n    \n\n<li><a href='?page_no=1'>1<\/a><\/li>\n\n\n\n<li><a href='?page_no=2'>2<\/a><\/li>\n\n\n\n<li><a>...<\/a><\/li>\n\n\n\n<li><a href='?page_no=11070'>11070<\/a><\/li>\n\n\n\n<li><a href='?page_no=11071'>11071<\/a><\/li>\n\n\n\n<li class='active'><a>11072<\/a><\/li>\n\n\n\n<li><a href='?page_no=11073'>11073<\/a><\/li>\n\n\n\n<li><a href='?page_no=11074'>11074<\/a><\/li>\n\n\n\n<li><a>...<\/a><\/li>\n\n\n\n<li><a href='?page_no=51012'>51012<\/a><\/li>\n\n\n\n<li><a href='?page_no=51013'>51013<\/a><\/li>\n\n    \n\t\n\n<li >\n\t<a href='?page_no=11073'>Next<\/a>\n\t<\/li>\n\n\n    \n\n<li><a href='?page_no=51013'>Last &rsaquo;&rsaquo;<\/a><\/li>\n\n<\/ul>\n\n\n--><br \/>\n<\/body><\/p>\n","protected":false},"excerpt":{"rendered":"<p>Redacci\u00f3n ACI Prensa Vaticano, 15 de marzo, 2018.- Una vecina de Callosa de Segura, Alicante (Espa\u00f1a) ha sido multada a pagar 100 euros al d\u00eda por el ayuntamiento por permitir que se proyecte una cruz desde el balc\u00f3n de su casa a la fachada de la iglesia, en donde se situaba la cruz que el [&hellip;]<\/p>\n","protected":false},"author":3,"featured_media":0,"comment_status":"open","ping_status":"open","sticky":false,"template":"","format":"standard","meta":{"footnotes":""},"categories":[23],"tags":[],"class_list":["post-231463","post","type-post","status-publish","format-standard","hentry","category-internacional"],"_links":{"self":[{"href":"https:\/\/diariodominicano.com\/index.php?rest_route=\/wp\/v2\/posts\/231463","targetHints":{"allow":["GET"]}}],"collection":[{"href":"https:\/\/diariodominicano.com\/index.php?rest_route=\/wp\/v2\/posts"}],"about":[{"href":"https:\/\/diariodominicano.com\/index.php?rest_route=\/wp\/v2\/types\/post"}],"author":[{"embeddable":true,"href":"https:\/\/diariodominicano.com\/index.php?rest_route=\/wp\/v2\/users\/3"}],"replies":[{"embeddable":true,"href":"https:\/\/diariodominicano.com\/index.php?rest_route=%2Fwp%2Fv2%2Fcomments&post=231463"}],"version-history":[{"count":0,"href":"https:\/\/diariodominicano.com\/index.php?rest_route=\/wp\/v2\/posts\/231463\/revisions"}],"wp:attachment":[{"href":"https:\/\/diariodominicano.com\/index.php?rest_route=%2Fwp%2Fv2%2Fmedia&parent=231463"}],"wp:term":[{"taxonomy":"category","embeddable":true,"href":"https:\/\/diariodominicano.com\/index.php?rest_route=%2Fwp%2Fv2%2Fcategories&post=231463"},{"taxonomy":"post_tag","embeddable":true,"href":"https:\/\/diariodominicano.com\/index.php?rest_route=%2Fwp%2Fv2%2Ftags&post=231463"}],"curies":[{"name":"wp","href":"https:\/\/api.w.org\/{rel}","templated":true}]}}