{"id":231458,"date":"2018-03-15T10:51:29","date_gmt":"2018-03-15T10:51:29","guid":{"rendered":"http:\/\/diariodominicano.ddns.net\/?p=231458"},"modified":"2018-03-15T10:51:29","modified_gmt":"2018-03-15T10:51:29","slug":"la-casa-blanca-de-los-despidos","status":"publish","type":"post","link":"https:\/\/diariodominicano.com\/?p=231458","title":{"rendered":"La Casa Blanca de los despidos"},"content":{"rendered":"<p><body><\/p>\n<p><img decoding=\"async\" src=\"img3\/wh-despedidos15.jpg\" \/>  <\/p>\n<p><span class=\"text1noticias\">Por Martha Andr\u00e9s Rom\u00e1n *<\/span><\/p>\n<p><span class=\"text1noticias\"> <\/span><\/p>\n<p><span class=\"text1noticias\">Washington, 15 de marzo, 2018.- (PL) El despido del secretario norteamericano de Estado, Rex Tillerson, confirma para muchas fuentes el desorden de una administraci\u00f3n que a m\u00e1s de un a\u00f1o de iniciada sigue sin estabilizar a sus figuras m\u00e1s importantes.<\/span><\/p>\n<p><span class=\"text1noticias\"> <\/span><\/p>\n<p><span class=\"text1noticias\">Aunque esperado desde hac\u00eda tiempo, dada la tensa relaci\u00f3n entre el titular y el presidente Donald Trump, el anuncio sobre la salida de Tillerson del actual gabinete caus\u00f3 sorpresa por llegar en un momento de retos diplom\u00e1ticos importantes para el pa\u00eds.<\/span><\/p>\n<p><span class=\"text1noticias\"> <\/span><\/p>\n<p><span class=\"text1noticias\">Solo una semana antes el propio mandatario hab\u00eda negado los reportes de prensa que apuntaban a la existencia de anarqu\u00eda en su gobierno debido a las renuncias y despidos de muchos funcionarios.<\/span><\/p>\n<p><span class=\"text1noticias\"> <\/span><\/p>\n<p><span class=\"text1noticias\">La nueva narrativa de noticias falsas es que hay caos en la Casa Blanca, indic\u00f3 el presidente el 6 de marzo.<\/span><\/p>\n<p><span class=\"text1noticias\"> <\/span><\/p>\n<p><span class=\"text1noticias\">Solo siete d\u00edas despu\u00e9s se conoci\u00f3 sobre la partida de Tillerson, una noticia que por su relevancia dej\u00f3 en un segundo plano otro movimiento en la mansi\u00f3n ejecutiva: el despido del asesor personal del presidente, John McEntee, por estar bajo investigaci\u00f3n debido a cr\u00edmenes financieros serios.<\/span><\/p>\n<p><span class=\"text1noticias\"> <\/span><\/p>\n<p><span class=\"text1noticias\">Ambas figuras se unieron as\u00ed a una larga lista de personas que abandonaron sus puestos desde la toma de posesi\u00f3n de Trump el 20 de enero de 2017.<\/span><\/p>\n<p><span class=\"text1noticias\"> <\/span><\/p>\n<p><span class=\"text1noticias\">Cuando 10 d\u00edas despu\u00e9s de iniciar su mandato Trump sac\u00f3 del cargo a la entonces fiscal general interina, Sally Yates, el hecho no result\u00f3 tan inesperado por tratarse de una funcionaria proveniente de la administraci\u00f3n previa, y que se neg\u00f3 a aplicar pol\u00e9micas \u00f3rdenes sobre inmigraci\u00f3n.<\/span><\/p>\n<p><span class=\"text1noticias\"> <\/span><\/p>\n<p><span class=\"text1noticias\">Pero las partidas continuaron en fecha tan temprana como el 13 de febrero de 2017, cuando el exasesor de Seguridad Nacional Michael Flynn renunci\u00f3 debido a reportes de que inform\u00f3 err\u00f3neamente al vicepresidente Mike Pence sobre sus contactos con un diplom\u00e1tico ruso.<\/span><\/p>\n<p><span class=\"text1noticias\"> <\/span><\/p>\n<p><span class=\"text1noticias\">Los tres meses siguientes transcurrieron sin que dejaran la administraci\u00f3n figuras de alto perfil, pero se gener\u00f3 gran conmoci\u00f3n a nivel nacional cuando Trump despidi\u00f3 el 9 de mayo al entonces director del Bur\u00f3 Federal de Investigaciones (FBI), James Comey.<\/span><\/p>\n<p><span class=\"text1noticias\"> <\/span><\/p>\n<p><span class=\"text1noticias\">El hecho de que el jefe de Estado sacara de su puesto a la persona que guiaba la pesquisa sobre una presunta interferencia rusa en las elecciones de 2016 y una supuesta complicidad con el equipo de campa\u00f1a del mandatario llev\u00f3 a que varias voces lo acusaran de obstrucci\u00f3n de la justicia.<\/span><\/p>\n<p><span class=\"text1noticias\"> <\/span><\/p>\n<p><span class=\"text1noticias\">Ante los reclamos generados por el despido del titular del FBI, el Departamento de Justicia se vio obligado a nombrar a un fiscal especial para dirigir las indagaciones sobre los comicios.<\/span><\/p>\n<p><span class=\"text1noticias\"> <\/span><\/p>\n<p><span class=\"text1noticias\">Poco despu\u00e9s de la situaci\u00f3n con Comey se difundi\u00f3, adem\u00e1s, la dimisi\u00f3n de Mike Dubke, exdirector de Comunicaciones de la Casa Blanca, un puesto que despu\u00e9s tuvo otros cambios sonados.<\/span><\/p>\n<p><span class=\"text1noticias\"> <\/span><\/p>\n<p><span class=\"text1noticias\">El 21 de julio, en tanto, ocurri\u00f3 la renuncia de quien era hasta el momento uno de los rostros m\u00e1s visibles del ejecutivo, el secretario de prensa, Sean Spicer.<\/span><\/p>\n<p><span class=\"text1noticias\"> <\/span><\/p>\n<p><span class=\"text1noticias\">Medios locales reportaron que lo sucedido con Spicer estuvo motivado, en buena medida, con su desacuerdo con la decisi\u00f3n de Trump de nombrar al financista Anthony Scaramucci como nuevo director de Comunicaciones, cargo que asumi\u00f3 el mismo d\u00eda de la dimisi\u00f3n del titular de prensa.<\/span><\/p>\n<p><span class=\"text1noticias\"> <\/span><\/p>\n<p><span class=\"text1noticias\">Seg\u00fan el diario The New York Times, el secretario le expres\u00f3 al presidente que estaba muy en desacuerdo con la elecci\u00f3n del neoyorkino, quien presuntamente ten\u00eda una relaci\u00f3n tensa con el propio Spicer y con quien era en ese momento el jefe de personal de la mansi\u00f3n ejecutiva, Reince Priebus.<\/span><\/p>\n<p><span class=\"text1noticias\"> <\/span><\/p>\n<p><span class=\"text1noticias\">La retirada del exvocero fue solo el inicio de un \u00e9xodo estival en el que no quedar\u00edan en la Casa Blanca ni Priebus ni Scaramucci, y como parte del cual tambi\u00e9n partieron el exjefe de estrategia de Trump, Stepehn Bannon, y el exasesor Sebastian Gorka.<\/span><\/p>\n<p><span class=\"text1noticias\"> <\/span><\/p>\n<p><span class=\"text1noticias\">En el caso del jefe de gabinete, el gobernante lo despidi\u00f3 justo una semana despu\u00e9s de la salida de Spicer, el viernes 28 de julio, luego de d\u00edas de rumores sobre la existencia de tensiones internas, y en su lugar nombr\u00f3 a John Kelly, quien hasta esa fecha era el secretario de Seguridad Nacional.<\/span><\/p>\n<p><span class=\"text1noticias\"> <\/span><\/p>\n<p><span class=\"text1noticias\">Scaramucci le sigui\u00f3 el lunes siguiente, en lo que signific\u00f3 la estancia m\u00e1s corta de un miembro de la administraci\u00f3n Trump, que dio lugar a incontables bromas y memes en las redes sociales, entre los cuales el m\u00e1s popular fue el cartel de la pel\u00edcula C\u00f3mo perder a un hombre en 10 d\u00edas.<\/span><\/p>\n<p><span class=\"text1noticias\"> <\/span><\/p>\n<p><span class=\"text1noticias\">El 18 de agosto la Casa Blanca anunci\u00f3 que tambi\u00e9n Bannon terminaba su trabajo, lo cual represent\u00f3 la ca\u00edda de quien lleg\u00f3 a ser considerado un presidente en la sombra en los momentos iniciales del mandato.<\/span><\/p>\n<p><span class=\"text1noticias\"> <\/span><\/p>\n<p><span class=\"text1noticias\">Con su partida, Trump dej\u00f3 ir a uno de sus empleados m\u00e1s pol\u00e9micos, visto como el ide\u00f3logo de pol\u00edticas controversiales y criticado en varios c\u00edrculos por sus v\u00ednculos con la llamada derecha alternativa.<\/span><\/p>\n<p><span class=\"text1noticias\"> <\/span><\/p>\n<p><span class=\"text1noticias\">Gorka, por su parte, era muy cercano al antiguo jefe de estrategia dentro de la Casa Blanca y su marcha se concret\u00f3 siete d\u00edas m\u00e1s tarde, lo cual fue calificado como el fin de la era Bannon.<\/span><\/p>\n<p><span class=\"text1noticias\"> <\/span><\/p>\n<p><span class=\"text1noticias\">Tras el tumultuoso verano, el exsecretario de Salud, Tom Price, abandon\u00f3 esa posici\u00f3n el 29 de septiembre en medio de un esc\u00e1ndalo por el uso de aviones privados y gubernamentales que costaron a los contribuyentes cientos de miles de d\u00f3lares.<\/span><\/p>\n<p><span class=\"text1noticias\"> <\/span><\/p>\n<p><span class=\"text1noticias\">En los meses siguientes dejaron el gobierno la ex viceconsejera de Seguridad Nacional Dina Powell, la asesora Omarosa Manigault y el secretario presidencial Rob Porter, quien fue acusado por dos antiguas parejas de abuso dom\u00e9stico.<\/span><\/p>\n<p><span class=\"text1noticias\"> <\/span><\/p>\n<p><span class=\"text1noticias\">La inestabilidad del cargo de director de Comunicaciones se confirm\u00f3 el 28 de febrero pasado, cuando se dio a conocer que la entonces ocupante de ese puesto, Hope Hicks, hab\u00eda dimitido.<\/span><\/p>\n<p><span class=\"text1noticias\"> <\/span><\/p>\n<p><span class=\"text1noticias\">El caso de Hicks despert\u00f3 comentarios de que ocurrir\u00edan nuevas marchas masivas, algo que parece confirmarse con las salidas posteriores de McEntee y Tillerson, y del principal asesor econ\u00f3mico de Trump, Gary Cohn, quien dej\u00f3 esa posici\u00f3n el 6 de marzo.<\/span><\/p>\n<p><span class=\"text1noticias\"> <\/span><\/p>\n<p><span class=\"text1noticias\">Dentro de la administraci\u00f3n que, seg\u00fan el mandatario, no se encuentra en caos, los medios prev\u00e9n pr\u00f3ximos despidos, que podr\u00edan incluir al fiscal general del pa\u00eds, Jeff Sessions, e incluso al propio Kelly.<\/span><\/p>\n<p><span class=\"text1noticias\"> <\/span><\/p>\n<p><span class=\"text1noticias\">arb\/mar <\/span><\/p>\n<p><span class=\"text1noticias\"> <\/span><\/p>\n<p><span class=\"text1noticias\">*Corresponsal Jef<\/span>a de Prensa Latina en EE.UU.<\/p>\n<h6> 2018-03-15 10:51:29 <\/h6>\n<p><!--\n<link rel=\"stylesheet\" href=\"css\/bootstrap.min.css\">\n\n\n<ul class=\"pagination\">\n\t    \n\t\n\n<li >\n\t<a href='?page_no=11067'>Previous<\/a>\n\t<\/li>\n\n\n       \n    \n\n<li><a href='?page_no=1'>1<\/a><\/li>\n\n\n\n<li><a href='?page_no=2'>2<\/a><\/li>\n\n\n\n<li><a>...<\/a><\/li>\n\n\n\n<li><a href='?page_no=11066'>11066<\/a><\/li>\n\n\n\n<li><a href='?page_no=11067'>11067<\/a><\/li>\n\n\n\n<li class='active'><a>11068<\/a><\/li>\n\n\n\n<li><a href='?page_no=11069'>11069<\/a><\/li>\n\n\n\n<li><a href='?page_no=11070'>11070<\/a><\/li>\n\n\n\n<li><a>...<\/a><\/li>\n\n\n\n<li><a href='?page_no=51012'>51012<\/a><\/li>\n\n\n\n<li><a href='?page_no=51013'>51013<\/a><\/li>\n\n    \n\t\n\n<li >\n\t<a href='?page_no=11069'>Next<\/a>\n\t<\/li>\n\n\n    \n\n<li><a href='?page_no=51013'>Last &rsaquo;&rsaquo;<\/a><\/li>\n\n<\/ul>\n\n\n--><br \/>\n<\/body><\/p>\n","protected":false},"excerpt":{"rendered":"<p>Por Martha Andr\u00e9s Rom\u00e1n * Washington, 15 de marzo, 2018.- (PL) El despido del secretario norteamericano de Estado, Rex Tillerson, confirma para muchas fuentes el desorden de una administraci\u00f3n que a m\u00e1s de un a\u00f1o de iniciada sigue sin estabilizar a sus figuras m\u00e1s importantes. Aunque esperado desde hac\u00eda tiempo, dada la tensa relaci\u00f3n entre [&hellip;]<\/p>\n","protected":false},"author":3,"featured_media":0,"comment_status":"open","ping_status":"open","sticky":false,"template":"","format":"standard","meta":{"footnotes":""},"categories":[23],"tags":[],"class_list":["post-231458","post","type-post","status-publish","format-standard","hentry","category-internacional"],"_links":{"self":[{"href":"https:\/\/diariodominicano.com\/index.php?rest_route=\/wp\/v2\/posts\/231458","targetHints":{"allow":["GET"]}}],"collection":[{"href":"https:\/\/diariodominicano.com\/index.php?rest_route=\/wp\/v2\/posts"}],"about":[{"href":"https:\/\/diariodominicano.com\/index.php?rest_route=\/wp\/v2\/types\/post"}],"author":[{"embeddable":true,"href":"https:\/\/diariodominicano.com\/index.php?rest_route=\/wp\/v2\/users\/3"}],"replies":[{"embeddable":true,"href":"https:\/\/diariodominicano.com\/index.php?rest_route=%2Fwp%2Fv2%2Fcomments&post=231458"}],"version-history":[{"count":0,"href":"https:\/\/diariodominicano.com\/index.php?rest_route=\/wp\/v2\/posts\/231458\/revisions"}],"wp:attachment":[{"href":"https:\/\/diariodominicano.com\/index.php?rest_route=%2Fwp%2Fv2%2Fmedia&parent=231458"}],"wp:term":[{"taxonomy":"category","embeddable":true,"href":"https:\/\/diariodominicano.com\/index.php?rest_route=%2Fwp%2Fv2%2Fcategories&post=231458"},{"taxonomy":"post_tag","embeddable":true,"href":"https:\/\/diariodominicano.com\/index.php?rest_route=%2Fwp%2Fv2%2Ftags&post=231458"}],"curies":[{"name":"wp","href":"https:\/\/api.w.org\/{rel}","templated":true}]}}