{"id":231457,"date":"2018-03-15T14:40:13","date_gmt":"2018-03-15T14:40:13","guid":{"rendered":"http:\/\/diariodominicano.ddns.net\/?p=231457"},"modified":"2018-03-15T14:40:13","modified_gmt":"2018-03-15T14:40:13","slug":"fiscalia-espanola-pide-arresto-de-expresidente-catalan-en-suiza","status":"publish","type":"post","link":"https:\/\/diariodominicano.com\/?p=231457","title":{"rendered":"Fiscal\u00eda espa\u00f1ola pide arresto de expresidente catal\u00e1n en Suiza"},"content":{"rendered":"<p><body><\/p>\n<p><img decoding=\"async\" src=\"img3\/esp-puigdemont.jpg\" \/>  <\/p>\n<p><span class=\"text1noticias\">Madrid, 15 mar (PL) La Fiscal\u00eda General del Estado solicit\u00f3 hoy al gobierno espa\u00f1ol que estudie la posibilidad de arrestar al expresidente catal\u00e1n Carles Puigdemont, durante el viaje que el l\u00edder secesionista prev\u00e9 realizar el domingo a Suiza.<\/span><\/p>\n<\/p>\n<p><span class=\"text1noticias\">Puigdemont se encuentra en B\u00e9lgica desde octubre, cuando fue destituido por el Ejecutivo conservador de Mariano Rajoy por su implicaci\u00f3n en el proceso separatista en Catalu\u00f1a, cuyas autoridades proclamaron ese mes la escisi\u00f3n de Espa\u00f1a.<\/span><\/p>\n<\/p>\n<p><span class=\"text1noticias\">Como consecuencia de esa declaraci\u00f3n unilateral de independencia, aprobada el 27 de octubre, fue acusado de rebeli\u00f3n y sedici\u00f3n por el Tribunal Supremo, al que el Ministerio P\u00fablico emplaz\u00f3 hoy a adoptar medidas cautelares complementarias como la retirada del pasaporte.<\/span><\/p>\n<\/p>\n<p><span class=\"text1noticias\">En su exhorto, la Fiscal\u00eda pidi\u00f3 al Ministerio del Interior que, en colaboraci\u00f3n con Interpol, realice las gestiones necesarias ante las autoridades suizas para &#8216;determinar la viabilidad de la detenci\u00f3n de los fugados y de su reclamaci\u00f3n a efectos de extradici\u00f3n&#8217;.<\/span><\/p>\n<\/p>\n<p><span class=\"text1noticias\">El cesado mandatario catal\u00e1n tiene previsto asistir en Ginebra al Festival de Cine de Derechos Humanos junto a su antigua consejera (ministra regional) Meritxell Serret, tambi\u00e9n autoexiliada en Bruselas, la capital belga.<\/span><\/p>\n<\/p>\n<p><span class=\"text1noticias\">En la ciudad helv\u00e9tica se encontrar\u00e1 adem\u00e1s con Anna Gabriel, dirigente del partido independentista Candidatura de Unidad Popular (CUP), que tampoco compareci\u00f3 ante el Supremo cuando fue citada como imputada por su participaci\u00f3n en el plan secesionista.<\/span><\/p>\n<\/p>\n<p><span class=\"text1noticias\">Tras defenestrar a Puigdemont con todo su gabinete, Rajoy convoc\u00f3 a elecciones en esa pr\u00f3spera comunidad aut\u00f3noma del noreste del pa\u00eds con la esperanza de que \u00e9stas pusieran fin a lo que Madrid consider\u00f3 un desaf\u00edo al Estado espa\u00f1ol.<\/span><\/p>\n<\/p>\n<p><span class=\"text1noticias\">Sin embargo, en los comicios, celebrados el 21 de diciembre, las tres fuerzas a favor de la ruptura con Espa\u00f1a revalidaron la mayor\u00eda absoluta en el parlamento regional.<\/span><\/p>\n<h6> 2018-03-15 14:40:13 <\/h6>\n<p><!--\n<link rel=\"stylesheet\" href=\"css\/bootstrap.min.css\">\n\n\n<ul class=\"pagination\">\n\t    \n\t\n\n<li >\n\t<a href='?page_no=11066'>Previous<\/a>\n\t<\/li>\n\n\n       \n    \n\n<li><a href='?page_no=1'>1<\/a><\/li>\n\n\n\n<li><a href='?page_no=2'>2<\/a><\/li>\n\n\n\n<li><a>...<\/a><\/li>\n\n\n\n<li><a href='?page_no=11065'>11065<\/a><\/li>\n\n\n\n<li><a href='?page_no=11066'>11066<\/a><\/li>\n\n\n\n<li class='active'><a>11067<\/a><\/li>\n\n\n\n<li><a href='?page_no=11068'>11068<\/a><\/li>\n\n\n\n<li><a href='?page_no=11069'>11069<\/a><\/li>\n\n\n\n<li><a>...<\/a><\/li>\n\n\n\n<li><a href='?page_no=51012'>51012<\/a><\/li>\n\n\n\n<li><a href='?page_no=51013'>51013<\/a><\/li>\n\n    \n\t\n\n<li >\n\t<a href='?page_no=11068'>Next<\/a>\n\t<\/li>\n\n\n    \n\n<li><a href='?page_no=51013'>Last &rsaquo;&rsaquo;<\/a><\/li>\n\n<\/ul>\n\n\n--><br \/>\n<\/body><\/p>\n","protected":false},"excerpt":{"rendered":"<p>Madrid, 15 mar (PL) La Fiscal\u00eda General del Estado solicit\u00f3 hoy al gobierno espa\u00f1ol que estudie la posibilidad de arrestar al expresidente catal\u00e1n Carles Puigdemont, durante el viaje que el l\u00edder secesionista prev\u00e9 realizar el domingo a Suiza. Puigdemont se encuentra en B\u00e9lgica desde octubre, cuando fue destituido por el Ejecutivo conservador de Mariano Rajoy [&hellip;]<\/p>\n","protected":false},"author":3,"featured_media":0,"comment_status":"open","ping_status":"open","sticky":false,"template":"","format":"standard","meta":{"footnotes":""},"categories":[23],"tags":[],"class_list":["post-231457","post","type-post","status-publish","format-standard","hentry","category-internacional"],"_links":{"self":[{"href":"https:\/\/diariodominicano.com\/index.php?rest_route=\/wp\/v2\/posts\/231457","targetHints":{"allow":["GET"]}}],"collection":[{"href":"https:\/\/diariodominicano.com\/index.php?rest_route=\/wp\/v2\/posts"}],"about":[{"href":"https:\/\/diariodominicano.com\/index.php?rest_route=\/wp\/v2\/types\/post"}],"author":[{"embeddable":true,"href":"https:\/\/diariodominicano.com\/index.php?rest_route=\/wp\/v2\/users\/3"}],"replies":[{"embeddable":true,"href":"https:\/\/diariodominicano.com\/index.php?rest_route=%2Fwp%2Fv2%2Fcomments&post=231457"}],"version-history":[{"count":0,"href":"https:\/\/diariodominicano.com\/index.php?rest_route=\/wp\/v2\/posts\/231457\/revisions"}],"wp:attachment":[{"href":"https:\/\/diariodominicano.com\/index.php?rest_route=%2Fwp%2Fv2%2Fmedia&parent=231457"}],"wp:term":[{"taxonomy":"category","embeddable":true,"href":"https:\/\/diariodominicano.com\/index.php?rest_route=%2Fwp%2Fv2%2Fcategories&post=231457"},{"taxonomy":"post_tag","embeddable":true,"href":"https:\/\/diariodominicano.com\/index.php?rest_route=%2Fwp%2Fv2%2Ftags&post=231457"}],"curies":[{"name":"wp","href":"https:\/\/api.w.org\/{rel}","templated":true}]}}