{"id":231456,"date":"2018-03-15T14:49:26","date_gmt":"2018-03-15T14:49:26","guid":{"rendered":"http:\/\/diariodominicano.ddns.net\/?p=231456"},"modified":"2018-03-15T14:49:26","modified_gmt":"2018-03-15T14:49:26","slug":"eurocamara-presenta-prioridades-para-presupuesto-comunitario-de-2019","status":"publish","type":"post","link":"https:\/\/diariodominicano.com\/?p=231456","title":{"rendered":"Euroc\u00e1mara presenta prioridades para presupuesto comunitario de 2019"},"content":{"rendered":"<p><body><\/p>\n<p><img decoding=\"async\" src=\"img3\/eurocamara.jpg\" \/>  <\/p>\n<p>Estrasburgo (Francia), 15 mar (PL) El Parlamento Europeo (PE) aprob\u00f3 hoy sus directrices para las negociaciones del presupuesto comunitario de 2019, en el cual priorizar\u00e1n temas como las pol\u00edticas migratorias, de seguridad, la lucha contra el desempleo y por el clima.<\/p>\n<\/p>\n<p>La informaci\u00f3n divulgada este jueves indic\u00f3 que las prioridades de la euroc\u00e1mara coinciden de manera general con las de los Estados miembros, quienes deber\u00e1n aprobar junto a los eurodiputados un proyecto de presupuesto en mayo del pr\u00f3ximo a\u00f1o.<\/p>\n<\/p>\n<p>En febrero, el Consejo de la Uni\u00f3n Europea (UE) present\u00f3 sus orientaciones para el presupuesto, en las cuales abogaba, entre otros temas, por promover el empleo y la competitividad, abordar la dimensi\u00f3n interna y externa de la migraci\u00f3n, as\u00ed como proteger las fronteras comunitarias.<\/p>\n<\/p>\n<p>Los eurodiputados consideran prioritaria la lucha contra el paro, principalmente entre los de menor edad, por lo cual solicitaron un incremento del apoyo financiero a la Iniciativa por el Empleo Juvenil y al programa de movilidad acad\u00e9mica y profesional Erasmus+.<\/p>\n<\/p>\n<p>Asimismo, reclamaron elevar los fondos para los programas COSME de apoyo a las peque\u00f1as o medianas empresas y Horizonte 2020 de innovaci\u00f3n e investigaci\u00f3n, para mejorar la competitividad en la regi\u00f3n.<\/p>\n<\/p>\n<p>En materia de seguridad, decidieron invertir m\u00e1s en el refuerzo y gesti\u00f3n de las fronteras comunitarias, con un mejor apoyo a la labor de las agencias de protecci\u00f3n y justicia.<\/p>\n<\/p>\n<p>Tambi\u00e9n se destac\u00f3 la necesidad de una recepci\u00f3n digna de los refugiados con mayor financiamiento para el asilo, la migraci\u00f3n y la integraci\u00f3n, adem\u00e1s del combate contra el fen\u00f3meno de la radicalizaci\u00f3n extremista en la UE.<\/p>\n<\/p>\n<p>Por otro lado, el europarlamento considera que los aportes deben impulsar igualmente la lucha por la protecci\u00f3n del clima mediante el financiamiento de diversos programas, proyectos e iniciativas.<\/p>\n<\/p>\n<p>La posici\u00f3n de la euroc\u00e1mara para las negociaciones del presupuesto comunitario de 2019 cont\u00f3 con 417 votos a favor, 122 en contra y 97 abstenciones por parte de los diputados.<\/p>\n<\/p>\n<p>El pr\u00f3ximo a\u00f1o, la UE contar\u00e1 a\u00fan con la contribuci\u00f3n de Reino Unido, pues seg\u00fan las directrices acordadas, tras el Brexit permanecer\u00e1 la participaci\u00f3n brit\u00e1nica en los presupuestos de 2019 y 2020.<\/p>\n<h6> 2018-03-15 14:49:26 <\/h6>\n<p><!--\n<link rel=\"stylesheet\" href=\"css\/bootstrap.min.css\">\n\n\n<ul class=\"pagination\">\n\t    \n\t\n\n<li >\n\t<a href='?page_no=11065'>Previous<\/a>\n\t<\/li>\n\n\n       \n    \n\n<li><a href='?page_no=1'>1<\/a><\/li>\n\n\n\n<li><a href='?page_no=2'>2<\/a><\/li>\n\n\n\n<li><a>...<\/a><\/li>\n\n\n\n<li><a href='?page_no=11064'>11064<\/a><\/li>\n\n\n\n<li><a href='?page_no=11065'>11065<\/a><\/li>\n\n\n\n<li class='active'><a>11066<\/a><\/li>\n\n\n\n<li><a href='?page_no=11067'>11067<\/a><\/li>\n\n\n\n<li><a href='?page_no=11068'>11068<\/a><\/li>\n\n\n\n<li><a>...<\/a><\/li>\n\n\n\n<li><a href='?page_no=51012'>51012<\/a><\/li>\n\n\n\n<li><a href='?page_no=51013'>51013<\/a><\/li>\n\n    \n\t\n\n<li >\n\t<a href='?page_no=11067'>Next<\/a>\n\t<\/li>\n\n\n    \n\n<li><a href='?page_no=51013'>Last &rsaquo;&rsaquo;<\/a><\/li>\n\n<\/ul>\n\n\n--><br \/>\n<\/body><\/p>\n","protected":false},"excerpt":{"rendered":"<p>Estrasburgo (Francia), 15 mar (PL) El Parlamento Europeo (PE) aprob\u00f3 hoy sus directrices para las negociaciones del presupuesto comunitario de 2019, en el cual priorizar\u00e1n temas como las pol\u00edticas migratorias, de seguridad, la lucha contra el desempleo y por el clima. La informaci\u00f3n divulgada este jueves indic\u00f3 que las prioridades de la euroc\u00e1mara coinciden de [&hellip;]<\/p>\n","protected":false},"author":3,"featured_media":0,"comment_status":"open","ping_status":"open","sticky":false,"template":"","format":"standard","meta":{"footnotes":""},"categories":[23],"tags":[],"class_list":["post-231456","post","type-post","status-publish","format-standard","hentry","category-internacional"],"_links":{"self":[{"href":"https:\/\/diariodominicano.com\/index.php?rest_route=\/wp\/v2\/posts\/231456","targetHints":{"allow":["GET"]}}],"collection":[{"href":"https:\/\/diariodominicano.com\/index.php?rest_route=\/wp\/v2\/posts"}],"about":[{"href":"https:\/\/diariodominicano.com\/index.php?rest_route=\/wp\/v2\/types\/post"}],"author":[{"embeddable":true,"href":"https:\/\/diariodominicano.com\/index.php?rest_route=\/wp\/v2\/users\/3"}],"replies":[{"embeddable":true,"href":"https:\/\/diariodominicano.com\/index.php?rest_route=%2Fwp%2Fv2%2Fcomments&post=231456"}],"version-history":[{"count":0,"href":"https:\/\/diariodominicano.com\/index.php?rest_route=\/wp\/v2\/posts\/231456\/revisions"}],"wp:attachment":[{"href":"https:\/\/diariodominicano.com\/index.php?rest_route=%2Fwp%2Fv2%2Fmedia&parent=231456"}],"wp:term":[{"taxonomy":"category","embeddable":true,"href":"https:\/\/diariodominicano.com\/index.php?rest_route=%2Fwp%2Fv2%2Fcategories&post=231456"},{"taxonomy":"post_tag","embeddable":true,"href":"https:\/\/diariodominicano.com\/index.php?rest_route=%2Fwp%2Fv2%2Ftags&post=231456"}],"curies":[{"name":"wp","href":"https:\/\/api.w.org\/{rel}","templated":true}]}}