{"id":231455,"date":"2018-03-15T14:59:28","date_gmt":"2018-03-15T14:59:28","guid":{"rendered":"http:\/\/diariodominicano.ddns.net\/?p=231455"},"modified":"2018-03-15T14:59:28","modified_gmt":"2018-03-15T14:59:28","slug":"vietnam-espera-a-canciller-ruso-a-inicios-de-proxima-semana","status":"publish","type":"post","link":"https:\/\/diariodominicano.com\/?p=231455","title":{"rendered":"Vietnam espera a canciller ruso a inicios de pr\u00f3xima semana"},"content":{"rendered":"<p><body><\/p>\n<p><img decoding=\"async\" src=\"img3\/Serguei-Lavrov.jpg\" \/>  <\/p>\n<\/p>\n<p>Hanoi, 15 mar (PL) El ministro de Relaciones Exteriores de Rusia, Serguei Lavrov, realizar\u00e1 una visita oficial a Vietnam el lunes y martes, en respuesta a una invitaci\u00f3n del viceprimer ministro y canciller Pham Binh Minh.<\/p>\n<\/p>\n<p>Una nota de la agencia oficial vietnamita de noticias (VNA) se\u00f1ala que la presencia aqu\u00ed del canciller ruso imprimir\u00e1 un impulso especial a los v\u00ednculos bilaterales, pero sin detallar su programa.<\/p>\n<\/p>\n<p>Las relaciones diplom\u00e1ticas entre ambas naciones reci\u00e9n 68 a\u00f1os.<\/p>\n<\/p>\n<p>La firma de un acuerdo de libre comercio entre Vietnam y la Uni\u00f3n Econ\u00f3mica Euroasi\u00e1tica en 2016 dinamiz\u00f3 los intercambios comerciales entre los dos pa\u00edses, que ascendieron a unos tres mil 560 millones de d\u00f3lares el a\u00f1o pasado. Hanoi y Mosc\u00fa aspiran que hacia el 2020 lleguen a 10 mil millones.<\/p>\n<\/p>\n<p>En el terreno de las inversiones, Rusia tiene colocados en Vietnam m\u00e1s de 980 millones de d\u00f3lares en 117 empresas y obras, mientras los capitales vietnamitas en la naci\u00f3n europea rondan los dos mil 400 millones en 18 proyectos.<\/p>\n<h6> 2018-03-15 14:59:28 <\/h6>\n<p><!--\n<link rel=\"stylesheet\" href=\"css\/bootstrap.min.css\">\n\n\n<ul class=\"pagination\">\n\t    \n\t\n\n<li >\n\t<a href='?page_no=11064'>Previous<\/a>\n\t<\/li>\n\n\n       \n    \n\n<li><a href='?page_no=1'>1<\/a><\/li>\n\n\n\n<li><a href='?page_no=2'>2<\/a><\/li>\n\n\n\n<li><a>...<\/a><\/li>\n\n\n\n<li><a href='?page_no=11063'>11063<\/a><\/li>\n\n\n\n<li><a href='?page_no=11064'>11064<\/a><\/li>\n\n\n\n<li class='active'><a>11065<\/a><\/li>\n\n\n\n<li><a href='?page_no=11066'>11066<\/a><\/li>\n\n\n\n<li><a href='?page_no=11067'>11067<\/a><\/li>\n\n\n\n<li><a>...<\/a><\/li>\n\n\n\n<li><a href='?page_no=51012'>51012<\/a><\/li>\n\n\n\n<li><a href='?page_no=51013'>51013<\/a><\/li>\n\n    \n\t\n\n<li >\n\t<a href='?page_no=11066'>Next<\/a>\n\t<\/li>\n\n\n    \n\n<li><a href='?page_no=51013'>Last &rsaquo;&rsaquo;<\/a><\/li>\n\n<\/ul>\n\n\n--><br \/>\n<\/body><\/p>\n","protected":false},"excerpt":{"rendered":"<p>Hanoi, 15 mar (PL) El ministro de Relaciones Exteriores de Rusia, Serguei Lavrov, realizar\u00e1 una visita oficial a Vietnam el lunes y martes, en respuesta a una invitaci\u00f3n del viceprimer ministro y canciller Pham Binh Minh. Una nota de la agencia oficial vietnamita de noticias (VNA) se\u00f1ala que la presencia aqu\u00ed del canciller ruso imprimir\u00e1 [&hellip;]<\/p>\n","protected":false},"author":3,"featured_media":0,"comment_status":"open","ping_status":"open","sticky":false,"template":"","format":"standard","meta":{"footnotes":""},"categories":[23],"tags":[],"class_list":["post-231455","post","type-post","status-publish","format-standard","hentry","category-internacional"],"_links":{"self":[{"href":"https:\/\/diariodominicano.com\/index.php?rest_route=\/wp\/v2\/posts\/231455","targetHints":{"allow":["GET"]}}],"collection":[{"href":"https:\/\/diariodominicano.com\/index.php?rest_route=\/wp\/v2\/posts"}],"about":[{"href":"https:\/\/diariodominicano.com\/index.php?rest_route=\/wp\/v2\/types\/post"}],"author":[{"embeddable":true,"href":"https:\/\/diariodominicano.com\/index.php?rest_route=\/wp\/v2\/users\/3"}],"replies":[{"embeddable":true,"href":"https:\/\/diariodominicano.com\/index.php?rest_route=%2Fwp%2Fv2%2Fcomments&post=231455"}],"version-history":[{"count":0,"href":"https:\/\/diariodominicano.com\/index.php?rest_route=\/wp\/v2\/posts\/231455\/revisions"}],"wp:attachment":[{"href":"https:\/\/diariodominicano.com\/index.php?rest_route=%2Fwp%2Fv2%2Fmedia&parent=231455"}],"wp:term":[{"taxonomy":"category","embeddable":true,"href":"https:\/\/diariodominicano.com\/index.php?rest_route=%2Fwp%2Fv2%2Fcategories&post=231455"},{"taxonomy":"post_tag","embeddable":true,"href":"https:\/\/diariodominicano.com\/index.php?rest_route=%2Fwp%2Fv2%2Ftags&post=231455"}],"curies":[{"name":"wp","href":"https:\/\/api.w.org\/{rel}","templated":true}]}}