{"id":231453,"date":"2018-03-16T01:40:03","date_gmt":"2018-03-16T01:40:03","guid":{"rendered":"http:\/\/diariodominicano.ddns.net\/?p=231453"},"modified":"2018-03-16T01:40:03","modified_gmt":"2018-03-16T01:40:03","slug":"congreso-peruano-aprueba-nueva-solicitud-que-busca-destituir-a-presidente-kuczynski","status":"publish","type":"post","link":"https:\/\/diariodominicano.com\/?p=231453","title":{"rendered":"Congreso peruano aprueba nueva solicitud que busca destituir a presidente Kuczynski"},"content":{"rendered":"<p><body><\/p>\n<\/p>\n<p><strong>   LIMA, 15 mar (Xinhua) &#8211;<\/strong>&#8211; El Congreso de Per\u00fa aprob\u00f3 hoy jueves con 87 votos a favor, 15 en contra y 15 abstenciones una nueva solicitud que busca destituir al presidente Pedro Kuczynski, teniendo como motivo una \u00abpermanente incapacidad moral\u00bb.<\/p>\n<\/p>\n<p>   En la sesi\u00f3n, que dur\u00f3 cerca de una hora, participaron 117 congresistas de un total de 130.<\/p>\n<\/p>\n<p>   De acuerdo con el reglamento legislativo, el Pleno del Congreso acuerda d\u00eda y hora para la sesi\u00f3n del debate y votaci\u00f3n del pedido de vacancia entre el tercer y d\u00e9cimo d\u00eda despu\u00e9s de declarar la admisi\u00f3n, estim\u00e1ndose como fecha el pr\u00f3ximo jueves 22 de marzo.<\/p>\n<\/p>\n<p>   En dicha sesi\u00f3n, Kuczynski tendr\u00e1 derecho a su defensa, que puede ejercer personalmente o con participaci\u00f3n de un abogado, hasta por un lapso de 60 minutos.<\/p>\n<\/p>\n<p>   Esta es la segunda vez que el presidente enfrenta una situaci\u00f3n similar. La primera solicitud de vacancia promovida por la oposici\u00f3n fue en diciembre pasado, pero fue desechada al no alcanzar el m\u00ednimo de 87 votos exigidos para la destituci\u00f3n.<\/p>\n<\/p>\n<p>   Seg\u00fan la solicitud de vacancia, hecha multipartidariamente, Kuczynski recibi\u00f3 presuntamente pagos por consultor\u00edas hechas a la constructora brasile\u00f1a Odebrecht, a trav\u00e9s de su empresa personal Westfield Capital, entre 2004 y 2007, con sede en la ciudad estadounidense de Miami.<\/p>\n<\/p>\n<p>   Estas consultor\u00edas se habr\u00edan hecho cuando se desempe\u00f1aba como ministro de Econom\u00eda y Finanzas, as\u00ed como primer ministro durante el r\u00e9gimen del ex presidente Alejandro Toledo (2001-2006), de lo cual estaba impedido por ser funcionario p\u00fablico. Fin<\/p>\n<\/p>\n<h6> 2018-03-16 01:40:03 <\/h6>\n<p><!--\n<link rel=\"stylesheet\" href=\"css\/bootstrap.min.css\">\n\n\n<ul class=\"pagination\">\n\t    \n\t\n\n<li >\n\t<a href='?page_no=11062'>Previous<\/a>\n\t<\/li>\n\n\n       \n    \n\n<li><a href='?page_no=1'>1<\/a><\/li>\n\n\n\n<li><a href='?page_no=2'>2<\/a><\/li>\n\n\n\n<li><a>...<\/a><\/li>\n\n\n\n<li><a href='?page_no=11061'>11061<\/a><\/li>\n\n\n\n<li><a href='?page_no=11062'>11062<\/a><\/li>\n\n\n\n<li class='active'><a>11063<\/a><\/li>\n\n\n\n<li><a href='?page_no=11064'>11064<\/a><\/li>\n\n\n\n<li><a href='?page_no=11065'>11065<\/a><\/li>\n\n\n\n<li><a>...<\/a><\/li>\n\n\n\n<li><a href='?page_no=51012'>51012<\/a><\/li>\n\n\n\n<li><a href='?page_no=51013'>51013<\/a><\/li>\n\n    \n\t\n\n<li >\n\t<a href='?page_no=11064'>Next<\/a>\n\t<\/li>\n\n\n    \n\n<li><a href='?page_no=51013'>Last &rsaquo;&rsaquo;<\/a><\/li>\n\n<\/ul>\n\n\n--><br \/>\n<\/body><\/p>\n","protected":false},"excerpt":{"rendered":"<p>LIMA, 15 mar (Xinhua) &#8211;&#8211; El Congreso de Per\u00fa aprob\u00f3 hoy jueves con 87 votos a favor, 15 en contra y 15 abstenciones una nueva solicitud que busca destituir al presidente Pedro Kuczynski, teniendo como motivo una \u00abpermanente incapacidad moral\u00bb. En la sesi\u00f3n, que dur\u00f3 cerca de una hora, participaron 117 congresistas de un total [&hellip;]<\/p>\n","protected":false},"author":3,"featured_media":0,"comment_status":"open","ping_status":"open","sticky":false,"template":"","format":"standard","meta":{"footnotes":""},"categories":[23],"tags":[],"class_list":["post-231453","post","type-post","status-publish","format-standard","hentry","category-internacional"],"_links":{"self":[{"href":"https:\/\/diariodominicano.com\/index.php?rest_route=\/wp\/v2\/posts\/231453","targetHints":{"allow":["GET"]}}],"collection":[{"href":"https:\/\/diariodominicano.com\/index.php?rest_route=\/wp\/v2\/posts"}],"about":[{"href":"https:\/\/diariodominicano.com\/index.php?rest_route=\/wp\/v2\/types\/post"}],"author":[{"embeddable":true,"href":"https:\/\/diariodominicano.com\/index.php?rest_route=\/wp\/v2\/users\/3"}],"replies":[{"embeddable":true,"href":"https:\/\/diariodominicano.com\/index.php?rest_route=%2Fwp%2Fv2%2Fcomments&post=231453"}],"version-history":[{"count":0,"href":"https:\/\/diariodominicano.com\/index.php?rest_route=\/wp\/v2\/posts\/231453\/revisions"}],"wp:attachment":[{"href":"https:\/\/diariodominicano.com\/index.php?rest_route=%2Fwp%2Fv2%2Fmedia&parent=231453"}],"wp:term":[{"taxonomy":"category","embeddable":true,"href":"https:\/\/diariodominicano.com\/index.php?rest_route=%2Fwp%2Fv2%2Fcategories&post=231453"},{"taxonomy":"post_tag","embeddable":true,"href":"https:\/\/diariodominicano.com\/index.php?rest_route=%2Fwp%2Fv2%2Ftags&post=231453"}],"curies":[{"name":"wp","href":"https:\/\/api.w.org\/{rel}","templated":true}]}}