{"id":231452,"date":"2018-03-16T01:42:01","date_gmt":"2018-03-16T01:42:01","guid":{"rendered":"http:\/\/diariodominicano.ddns.net\/?p=231452"},"modified":"2018-03-16T01:42:01","modified_gmt":"2018-03-16T01:42:01","slug":"gobierno-de-colombia-y-eln-se-comprometen-a-pactar-nuevo-cese-al-fuego","status":"publish","type":"post","link":"https:\/\/diariodominicano.com\/?p=231452","title":{"rendered":"&#13;Gobierno de Colombia y ELN se comprometen a pactar nuevo cese al fuego"},"content":{"rendered":"<p><body><\/p>\n<p><img decoding=\"async\" src=\"img3\/Santos Juan Manuel12032018.jpg\" \/>  <\/p>\n<\/p>\n<p><strong> <\/strong><\/p>\n<p><strong>   QUITO, 15 mar (Xinhua) &#8212;<\/strong> Los equipos negociadores del gobierno de Colombia y de la guerrilla del Ej\u00e9rcito de Liberaci\u00f3n Nacional (ELN) expresaron hoy jueves su voluntad de pactar un nuevo cese al fuego bilateral, durante el quinto ciclo de di\u00e1logos de paz en Quito.<\/p>\n<\/p>\n<p>   La ronda de conversaciones que se instal\u00f3 tras dos meses de suspensi\u00f3n, se extender\u00e1 hasta el 19 de mayo, antes de las elecciones presidenciales en Colombia que se celebrar\u00e1n el 27 de mayo, anunci\u00f3 en rueda de prensa el jefe negociador de la guerrilla, Pablo Beltr\u00e1n.<\/p>\n<\/p>\n<p>   \u00abLo que aspira este ciclo es evaluar el pasado cese al fuego bilateral que fue de 101 d\u00edas (el cual termin\u00f3 el 9 de enero pasado) y a pactar uno nuevo que retome los logros que obtuvimos y que resuelva los vac\u00edos y problemas que tuvo el anterior cese\u00bb, dijo Beltr\u00e1n. <\/p>\n<\/p>\n<p>   \u00abEsa es nuestra aspiraci\u00f3n\u00bb, insisti\u00f3 el l\u00edder de la delegaci\u00f3n del grupo guerrillero.<\/p>\n<\/p>\n<p>   A\u00f1adi\u00f3 que el prop\u00f3sito es avanzar en la agenda \u00ablo m\u00e1s posible para dejar consolidado este proceso y que los resultados de las elecciones presidenciales no lleven a que se interrumpa el trabajo de desarrollo de la agenda\u00bb.<\/p>\n<\/p>\n<p>   El presidente colombiano, Juan Manuel Santos, quien impuls\u00f3 el proceso de paz con la extinta guerrilla de las Fuerzas Armadas Revolucionarias de Colombia (FARC) y con el ELN, concluir\u00e1 en agosto pr\u00f3ximo su mandato.<\/p>\n<\/p>\n<p>   En los comicios presidenciales de mayo se disputar\u00e1n el poder ocho candidatos.<\/p>\n<\/p>\n<p>   \u00abAspiramos a que cualquiera que sea el presidente que salga elegido, reciba de esta mesa (de di\u00e1logos de paz) unos avances que lo lleven a decidir que lo mejor es darle continuidad\u00bb, explic\u00f3 Beltr\u00e1n.<\/p>\n<\/p>\n<p>   \u00abHist\u00f3ricamente en Colombia estos procesos de paz avanzan con un gobierno y desafortunadamente con otro gobierno no se les da la continuidad debida\u00bb, agreg\u00f3.<\/p>\n<\/p>\n<p>   Por su parte, el jefe negociador del gobierno colombiano, Gustavo Bell, dijo que la tarea que sigue a continuaci\u00f3n es evaluar el anterior cese al fuego \u00abpara corregir falencias (errores) que pudo haber tenido para construir un cese m\u00e1s estable\u00bb.<\/p>\n<\/p>\n<p>   \u00abEse cese tuvo sus defectos, pero todos coincidimos en que fueron m\u00e1s sus aspectos positivos que negativos. Tenemos un racional optimismo de que vamos a avanzar en los pr\u00f3ximos d\u00edas\u00bb, dijo.<\/p>\n<\/p>\n<p>   Bell a\u00f1adi\u00f3 que con miras a lograr ese objetivo es que se acord\u00f3 extender este quinto ciclo por m\u00e1s tiempo que los anteriores.<\/p>\n<\/p>\n<p>   Esto, \u00abcomo muestra del compromiso que hemos adquirido aqu\u00ed para avanzar en lo m\u00e1s que se pueda, teniendo en cuenta la coyuntura pol\u00edtica que se vive en Colombia\u00bb, subray\u00f3.<\/p>\n<\/p>\n<p>   Bell consider\u00f3 que \u00abse est\u00e1 abriendo una luz en el sendero que debe conducir a ponerle fin al conflicto armado con el ELN\u00bb, y abog\u00f3 porque en esta nueva ronda de di\u00e1logos \u00absean la fuerza de los argumentos la que prime y dejar atr\u00e1s los argumentos de la fuerza\u00bb.<\/p>\n<\/p>\n<p>   Las partes agradecieron el apoyo de Brasil, Chile, Cuba, Ecuador, Noruega y Venezuela como pa\u00edses garantes del di\u00e1logo, y convinieron retomar en el quinto ciclo la participaci\u00f3n de la sociedad en la construcci\u00f3n de la paz, en un acuerdo para un nuevo cese al fuego, propiciar un acuerdo humanitario en el departamento de Choc\u00f3 y avanzar en el desminado.<\/p>\n<\/p>\n<p>   El gobierno de Colombia y el ELN volvieron a la mesa de di\u00e1logo luego de que el pasado 10 de enero se suspendieron las conversaciones tras una serie de atentados perpetrados por la guerrillera.<\/p>\n<\/p>\n<p>   La reanudaci\u00f3n de las pl\u00e1ticas fue posible despu\u00e9s de que el presidente Santos orden\u00f3 el pasado lunes el regreso a Quito del equipo negociador del gobierno para reactivar los di\u00e1logos. Fin<\/p>\n<h6> 2018-03-16 01:42:01 <\/h6>\n<p><!--\n<link rel=\"stylesheet\" href=\"css\/bootstrap.min.css\">\n\n\n<ul class=\"pagination\">\n\t    \n\t\n\n<li >\n\t<a href='?page_no=11061'>Previous<\/a>\n\t<\/li>\n\n\n       \n    \n\n<li><a href='?page_no=1'>1<\/a><\/li>\n\n\n\n<li><a href='?page_no=2'>2<\/a><\/li>\n\n\n\n<li><a>...<\/a><\/li>\n\n\n\n<li><a href='?page_no=11060'>11060<\/a><\/li>\n\n\n\n<li><a href='?page_no=11061'>11061<\/a><\/li>\n\n\n\n<li class='active'><a>11062<\/a><\/li>\n\n\n\n<li><a href='?page_no=11063'>11063<\/a><\/li>\n\n\n\n<li><a href='?page_no=11064'>11064<\/a><\/li>\n\n\n\n<li><a>...<\/a><\/li>\n\n\n\n<li><a href='?page_no=51012'>51012<\/a><\/li>\n\n\n\n<li><a href='?page_no=51013'>51013<\/a><\/li>\n\n    \n\t\n\n<li >\n\t<a href='?page_no=11063'>Next<\/a>\n\t<\/li>\n\n\n    \n\n<li><a href='?page_no=51013'>Last &rsaquo;&rsaquo;<\/a><\/li>\n\n<\/ul>\n\n\n--><br \/>\n<\/body><\/p>\n","protected":false},"excerpt":{"rendered":"<p>QUITO, 15 mar (Xinhua) &#8212; Los equipos negociadores del gobierno de Colombia y de la guerrilla del Ej\u00e9rcito de Liberaci\u00f3n Nacional (ELN) expresaron hoy jueves su voluntad de pactar un nuevo cese al fuego bilateral, durante el quinto ciclo de di\u00e1logos de paz en Quito. La ronda de conversaciones que se instal\u00f3 tras dos meses [&hellip;]<\/p>\n","protected":false},"author":3,"featured_media":0,"comment_status":"open","ping_status":"open","sticky":false,"template":"","format":"standard","meta":{"footnotes":""},"categories":[23],"tags":[],"class_list":["post-231452","post","type-post","status-publish","format-standard","hentry","category-internacional"],"_links":{"self":[{"href":"https:\/\/diariodominicano.com\/index.php?rest_route=\/wp\/v2\/posts\/231452","targetHints":{"allow":["GET"]}}],"collection":[{"href":"https:\/\/diariodominicano.com\/index.php?rest_route=\/wp\/v2\/posts"}],"about":[{"href":"https:\/\/diariodominicano.com\/index.php?rest_route=\/wp\/v2\/types\/post"}],"author":[{"embeddable":true,"href":"https:\/\/diariodominicano.com\/index.php?rest_route=\/wp\/v2\/users\/3"}],"replies":[{"embeddable":true,"href":"https:\/\/diariodominicano.com\/index.php?rest_route=%2Fwp%2Fv2%2Fcomments&post=231452"}],"version-history":[{"count":0,"href":"https:\/\/diariodominicano.com\/index.php?rest_route=\/wp\/v2\/posts\/231452\/revisions"}],"wp:attachment":[{"href":"https:\/\/diariodominicano.com\/index.php?rest_route=%2Fwp%2Fv2%2Fmedia&parent=231452"}],"wp:term":[{"taxonomy":"category","embeddable":true,"href":"https:\/\/diariodominicano.com\/index.php?rest_route=%2Fwp%2Fv2%2Fcategories&post=231452"},{"taxonomy":"post_tag","embeddable":true,"href":"https:\/\/diariodominicano.com\/index.php?rest_route=%2Fwp%2Fv2%2Ftags&post=231452"}],"curies":[{"name":"wp","href":"https:\/\/api.w.org\/{rel}","templated":true}]}}