{"id":231450,"date":"2018-03-16T01:48:25","date_gmt":"2018-03-16T01:48:25","guid":{"rendered":"http:\/\/diariodominicano.ddns.net\/?p=231450"},"modified":"2018-03-16T01:48:25","modified_gmt":"2018-03-16T01:48:25","slug":"espana-multara-a-facebook-y-whatsapp-por-uso-de-datos-de-usuarios-sin-consentimiento","status":"publish","type":"post","link":"https:\/\/diariodominicano.com\/?p=231450","title":{"rendered":"Espa\u00f1a multar\u00e1 a Facebook y WhatsApp por uso de datos de usuarios sin consentimiento"},"content":{"rendered":"<p><body><\/p>\n<p><img decoding=\"async\" src=\"img3\/facebook.jpg\" \/>  <\/p>\n<p><strong> <\/strong><\/p>\n<p><strong>   MADRID, 15 mar (Xinhua) &#8212; <\/strong>La Agencia Espa\u00f1ola de Protecci\u00f3n de Datos (AEPD) sancionar\u00e1 a la red social Facebook y a la aplicaci\u00f3n de mensajer\u00eda instant\u00e1nea WhatsApp por cederse datos personales sin consentimiento de los usuarios, anunci\u00f3 hoy jueves el organismo.<\/p>\n<\/p>\n<p>   La agencia declar\u00f3 \u00abla existencia de dos infracciones graves de la Ley Org\u00e1nica de Protecci\u00f3n de Datos, sancionadas cada una con 300.000 euros: una de ellas a WhatsApp por comunicar datos a Facebook sin haber obtenido un consentimiento v\u00e1lido de los usuarios y otra a Facebook por tratar esos datos para sus propios fines sin consentimiento\u00bb.<\/p>\n<\/p>\n<p>   En un comunicado, el organismo explic\u00f3 que el conflicto se origina a partir de la compra de WhatsApp por parte de Facebook en 2014, ya que dos a\u00f1os m\u00e1s tarde, en 2016, la aplicaci\u00f3n de mensajer\u00eda instant\u00e1nea actualiz\u00f3 los t\u00e9rminos de su servicio y la pol\u00edtica de privacidad, al introducir cambios como compartir informaci\u00f3n de los usuarios de WhatsApp con Facebook.<\/p>\n<\/p>\n<p>   \u00abLa aceptaci\u00f3n de esas nuevas condiciones se impuso como obligatoria para poder hacer uso de la aplicaci\u00f3n de mensajer\u00eda, y esa comunicaci\u00f3n de datos personales a Facebook, que no tiene relaci\u00f3n con las finalidades determinadas en la recogida de datos original, se realiz\u00f3 sin ofrecer a los usuarios una informaci\u00f3n adecuada y sin la opci\u00f3n de mostrar su negativa a las mismas\u00bb, agreg\u00f3 la AEPD.<\/p>\n<\/p>\n<p>   El organismo explic\u00f3 que los usuarios que ya ten\u00edan instalado WhatsApp solo tuvieron derecho a rechazar la cesi\u00f3n de su informaci\u00f3n para ser utilizada, \u00abcon la finalidad de mejorar la experiencia con los productos y publicidad en Facebook\u00bb, pero no con otros fines recogidos en la pol\u00edtica de privacidad.<\/p>\n<\/p>\n<p>   A\u00f1adi\u00f3 que en el caso de los nuevos usuarios, \u00abni siquiera se les ofrec\u00eda la opci\u00f3n de negarse a que sus datos fueran cedidos a Facebook para los fines publicitarios o de mejora de experiencia antes mencionados, sin permitir instalar la &#8216;app&#8217; (aplicaci\u00f3n) en caso de no aceptar esas condiciones\u00bb.<\/p>\n<\/p>\n<p>   El marco normativo se\u00f1ala que ese consentimiento debe ser \u00ablibre, espec\u00edfico e informado\u00bb, aclar\u00f3 la entidad.<\/p>\n<\/p>\n<p>   \u00abEn este caso, la resoluci\u00f3n de la Agencia recoge que exigir que los usuarios presten su consentimiento como requisito para poder hacer uso de WhatsApp y, considerando su implantaci\u00f3n social, puede entenderse, en los t\u00e9rminos del Grupo de Autoridades Europeas de Protecci\u00f3n de Datos, como algo que ejerce una influencia real en la libertad de elecci\u00f3n del interesado\u00bb, precis\u00f3.<\/p>\n<\/p>\n<p>   \u00abEl consentimiento, en este caso, no puede considerarse libre y, en consecuencia, no puede considerarse v\u00e1lido\u00bb, a\u00f1adi\u00f3 la AEPD.<\/p>\n<\/p>\n<p>   El organismo que vigila la protecci\u00f3n de datos de los espa\u00f1oles insisti\u00f3 en que para que el consentimiento sea v\u00e1lido, \u00e9ste debe ser \u00abinformado y espec\u00edfico\u00bb, por lo que en este caso se da una \u00abausencia de informaci\u00f3n o una informaci\u00f3n insuficiente que determina la falta de consentimiento\u00bb.<\/p>\n<\/p>\n<p>   \u00abLa informaci\u00f3n sobre a qui\u00e9n se pueden ceder los datos, las finalidades para las que se le ceden o la utilizaci\u00f3n que har\u00e1n de los mismos los cesionarios se ofrece de forma poco clara, con expresiones imprecisas e inconcretas que no permiten deducir, sin duda o equivocaci\u00f3n, la finalidad para la cual van a ser cedidos\u00bb, observ\u00f3.<\/p>\n<\/p>\n<p>   La resoluci\u00f3n de la AEPD estableci\u00f3 que Facebook utiliza la informaci\u00f3n de los usuarios cedida por WhatsApp con finalidades espec\u00edficas de sus servicios y \u00aben definitiva, en beneficio de su actividad\u00bb.<\/p>\n<\/p>\n<p>   \u00abFacebook destina esos datos a su propia finalidad publicitaria y de mejora de sus productos, as\u00ed como para otras finalidades, por lo que requiere de un consentimiento libre, espec\u00edfico e informado de los usuarios para tratar esos datos\u00bb, insisti\u00f3 la agencia.<\/p>\n<\/p>\n<p>   El ente decidi\u00f3 imponer la sanci\u00f3n m\u00e1xima al tener en cuenta factores como el volumen de tratamientos efectuados, el volumen de negocio de las infractoras o la vinculaci\u00f3n de la actividad de \u00e9stas con los tratamientos de car\u00e1cter personal.<\/p>\n<\/p>\n<p>   Ambas redes sociales gozan de gran penetraci\u00f3n en Espa\u00f1a.<\/p>\n<\/p>\n<p>   Seg\u00fan el diario local \u00abABC\u00bb, 23 millones de espa\u00f1oles (casi el 50 por ciento de la poblaci\u00f3n) tienen una cuenta activa en Facebook, mientras que seg\u00fan el Centro de Investigaciones Sociol\u00f3gicas, el 89 por ciento de espa\u00f1oles con tel\u00e9fono m\u00f3vil (m\u00e1s de 40 millones) utiliza WhatsApp para comunicarse.<\/p>\n<\/p>\n<p>   Espa\u00f1a es el pa\u00eds europeo que m\u00e1s usa la aplicaci\u00f3n de mensajer\u00eda instant\u00e1nea. Fin<\/p>\n<h6> 2018-03-16 01:48:25 <\/h6>\n<p><!--\n<link rel=\"stylesheet\" href=\"css\/bootstrap.min.css\">\n\n\n<ul class=\"pagination\">\n\t    \n\t\n\n<li >\n\t<a href='?page_no=11059'>Previous<\/a>\n\t<\/li>\n\n\n       \n    \n\n<li><a href='?page_no=1'>1<\/a><\/li>\n\n\n\n<li><a href='?page_no=2'>2<\/a><\/li>\n\n\n\n<li><a>...<\/a><\/li>\n\n\n\n<li><a href='?page_no=11058'>11058<\/a><\/li>\n\n\n\n<li><a href='?page_no=11059'>11059<\/a><\/li>\n\n\n\n<li class='active'><a>11060<\/a><\/li>\n\n\n\n<li><a href='?page_no=11061'>11061<\/a><\/li>\n\n\n\n<li><a href='?page_no=11062'>11062<\/a><\/li>\n\n\n\n<li><a>...<\/a><\/li>\n\n\n\n<li><a href='?page_no=51012'>51012<\/a><\/li>\n\n\n\n<li><a href='?page_no=51013'>51013<\/a><\/li>\n\n    \n\t\n\n<li >\n\t<a href='?page_no=11061'>Next<\/a>\n\t<\/li>\n\n\n    \n\n<li><a href='?page_no=51013'>Last &rsaquo;&rsaquo;<\/a><\/li>\n\n<\/ul>\n\n\n--><br \/>\n<\/body><\/p>\n","protected":false},"excerpt":{"rendered":"<p>MADRID, 15 mar (Xinhua) &#8212; La Agencia Espa\u00f1ola de Protecci\u00f3n de Datos (AEPD) sancionar\u00e1 a la red social Facebook y a la aplicaci\u00f3n de mensajer\u00eda instant\u00e1nea WhatsApp por cederse datos personales sin consentimiento de los usuarios, anunci\u00f3 hoy jueves el organismo. La agencia declar\u00f3 \u00abla existencia de dos infracciones graves de la Ley Org\u00e1nica de [&hellip;]<\/p>\n","protected":false},"author":3,"featured_media":0,"comment_status":"open","ping_status":"open","sticky":false,"template":"","format":"standard","meta":{"footnotes":""},"categories":[23],"tags":[],"class_list":["post-231450","post","type-post","status-publish","format-standard","hentry","category-internacional"],"_links":{"self":[{"href":"https:\/\/diariodominicano.com\/index.php?rest_route=\/wp\/v2\/posts\/231450","targetHints":{"allow":["GET"]}}],"collection":[{"href":"https:\/\/diariodominicano.com\/index.php?rest_route=\/wp\/v2\/posts"}],"about":[{"href":"https:\/\/diariodominicano.com\/index.php?rest_route=\/wp\/v2\/types\/post"}],"author":[{"embeddable":true,"href":"https:\/\/diariodominicano.com\/index.php?rest_route=\/wp\/v2\/users\/3"}],"replies":[{"embeddable":true,"href":"https:\/\/diariodominicano.com\/index.php?rest_route=%2Fwp%2Fv2%2Fcomments&post=231450"}],"version-history":[{"count":0,"href":"https:\/\/diariodominicano.com\/index.php?rest_route=\/wp\/v2\/posts\/231450\/revisions"}],"wp:attachment":[{"href":"https:\/\/diariodominicano.com\/index.php?rest_route=%2Fwp%2Fv2%2Fmedia&parent=231450"}],"wp:term":[{"taxonomy":"category","embeddable":true,"href":"https:\/\/diariodominicano.com\/index.php?rest_route=%2Fwp%2Fv2%2Fcategories&post=231450"},{"taxonomy":"post_tag","embeddable":true,"href":"https:\/\/diariodominicano.com\/index.php?rest_route=%2Fwp%2Fv2%2Ftags&post=231450"}],"curies":[{"name":"wp","href":"https:\/\/api.w.org\/{rel}","templated":true}]}}