{"id":231448,"date":"2018-03-16T08:05:09","date_gmt":"2018-03-16T08:05:09","guid":{"rendered":"http:\/\/diariodominicano.ddns.net\/?p=231448"},"modified":"2018-03-16T08:05:09","modified_gmt":"2018-03-16T08:05:09","slug":"detienen-a-47-sospechosos-de-planear-ataques-terroristas-en-el-sur-de-turquia","status":"publish","type":"post","link":"https:\/\/diariodominicano.com\/?p=231448","title":{"rendered":"Detienen a 47 sospechosos de planear ataques terroristas en el sur de Turqu\u00eda"},"content":{"rendered":"<p><body><\/p>\n<p><span class=\"text1noticias\">     ANKARA, 16 mar (Xinhua) &#8212; Al menos 47 personas han sido detenidas en la provincia de Adana, sur de Turqu\u00eda, por planear un ataque terrorista, inform\u00f3 el viernes la agencia de noticias estatal Anadolu.<\/span><\/p>\n<p><span class=\"text1noticias\"> <\/span><\/p>\n<p><span class=\"text1noticias\">     La polic\u00eda antiterrorista llev\u00f3 a cabo operaciones simult\u00e1neas en 73 diferentes lugares de esa provincia, previo al festival de primavera Newroz que cae el 21 de marzo, dijo el informe, citando a una fuente de los organismos de seguridad.<\/span><\/p>\n<p><span class=\"text1noticias\"> <\/span><\/p>\n<p><span class=\"text1noticias\">     Los sospechosos estaban preparando un ataque terrorista con armas, c\u00f3cteles molotov y explosivos improvisados siguiendo una directiva del Partido de Trabajador Kurdo (PKK, siglas en ingl\u00e9s).<\/span><\/p>\n<p><span class=\"text1noticias\"> <\/span><\/p>\n<p><span class=\"text1noticias\">     Entre los detenidos figuran cinco mujeres y 10 ni\u00f1os, a\u00f1adi\u00f3 la fuente.<\/span><\/p>\n<p><span class=\"text1noticias\"> <\/span><\/p>\n<p><span class=\"text1noticias\">     El PKK, listado como organizaci\u00f3n terrorista por Turqu\u00eda, Estados Unidos, y la Uni\u00f3n Europea, ha estado luchando por el establecimiento de un estado kurdo independiente mediante combates armados desde la d\u00e9cada de los setenta.<\/span><\/p>\n<p><span class=\"text1noticias\"> <\/span><\/p>\n<p><span class=\"text1noticias\">     Los asaltos se realizaron en medio de intensas operaciones militares lideradas por Turqu\u00eda en Afrin, norte de Siria, las cuales tienen como objetivo a las Unidades de Protecci\u00f3n del Pueblo Kurdo, que seg\u00fan alega Ankara est\u00e1n afiliadas al <\/span>PKK. <\/p>\n<h6> 2018-03-16 08:05:09 <\/h6>\n<p><!--\n<link rel=\"stylesheet\" href=\"css\/bootstrap.min.css\">\n\n\n<ul class=\"pagination\">\n\t    \n\t\n\n<li >\n\t<a href='?page_no=11058'>Previous<\/a>\n\t<\/li>\n\n\n       \n    \n\n<li><a href='?page_no=1'>1<\/a><\/li>\n\n\n\n<li><a href='?page_no=2'>2<\/a><\/li>\n\n\n\n<li><a>...<\/a><\/li>\n\n\n\n<li><a href='?page_no=11057'>11057<\/a><\/li>\n\n\n\n<li><a href='?page_no=11058'>11058<\/a><\/li>\n\n\n\n<li class='active'><a>11059<\/a><\/li>\n\n\n\n<li><a href='?page_no=11060'>11060<\/a><\/li>\n\n\n\n<li><a href='?page_no=11061'>11061<\/a><\/li>\n\n\n\n<li><a>...<\/a><\/li>\n\n\n\n<li><a href='?page_no=51012'>51012<\/a><\/li>\n\n\n\n<li><a href='?page_no=51013'>51013<\/a><\/li>\n\n    \n\t\n\n<li >\n\t<a href='?page_no=11060'>Next<\/a>\n\t<\/li>\n\n\n    \n\n<li><a href='?page_no=51013'>Last &rsaquo;&rsaquo;<\/a><\/li>\n\n<\/ul>\n\n\n--><br \/>\n<\/body><\/p>\n","protected":false},"excerpt":{"rendered":"<p>ANKARA, 16 mar (Xinhua) &#8212; Al menos 47 personas han sido detenidas en la provincia de Adana, sur de Turqu\u00eda, por planear un ataque terrorista, inform\u00f3 el viernes la agencia de noticias estatal Anadolu. La polic\u00eda antiterrorista llev\u00f3 a cabo operaciones simult\u00e1neas en 73 diferentes lugares de esa provincia, previo al festival de primavera Newroz [&hellip;]<\/p>\n","protected":false},"author":3,"featured_media":0,"comment_status":"open","ping_status":"open","sticky":false,"template":"","format":"standard","meta":{"footnotes":""},"categories":[23],"tags":[],"class_list":["post-231448","post","type-post","status-publish","format-standard","hentry","category-internacional"],"_links":{"self":[{"href":"https:\/\/diariodominicano.com\/index.php?rest_route=\/wp\/v2\/posts\/231448","targetHints":{"allow":["GET"]}}],"collection":[{"href":"https:\/\/diariodominicano.com\/index.php?rest_route=\/wp\/v2\/posts"}],"about":[{"href":"https:\/\/diariodominicano.com\/index.php?rest_route=\/wp\/v2\/types\/post"}],"author":[{"embeddable":true,"href":"https:\/\/diariodominicano.com\/index.php?rest_route=\/wp\/v2\/users\/3"}],"replies":[{"embeddable":true,"href":"https:\/\/diariodominicano.com\/index.php?rest_route=%2Fwp%2Fv2%2Fcomments&post=231448"}],"version-history":[{"count":0,"href":"https:\/\/diariodominicano.com\/index.php?rest_route=\/wp\/v2\/posts\/231448\/revisions"}],"wp:attachment":[{"href":"https:\/\/diariodominicano.com\/index.php?rest_route=%2Fwp%2Fv2%2Fmedia&parent=231448"}],"wp:term":[{"taxonomy":"category","embeddable":true,"href":"https:\/\/diariodominicano.com\/index.php?rest_route=%2Fwp%2Fv2%2Fcategories&post=231448"},{"taxonomy":"post_tag","embeddable":true,"href":"https:\/\/diariodominicano.com\/index.php?rest_route=%2Fwp%2Fv2%2Ftags&post=231448"}],"curies":[{"name":"wp","href":"https:\/\/api.w.org\/{rel}","templated":true}]}}