{"id":231447,"date":"2018-03-16T08:09:14","date_gmt":"2018-03-16T08:09:14","guid":{"rendered":"http:\/\/diariodominicano.ddns.net\/?p=231447"},"modified":"2018-03-16T08:09:14","modified_gmt":"2018-03-16T08:09:14","slug":"helicoptero-estadounidense-se-accidenta-en-el-oeste-de-irak","status":"publish","type":"post","link":"https:\/\/diariodominicano.com\/?p=231447","title":{"rendered":"Helic\u00f3ptero estadounidense se accidenta en el oeste de Irak"},"content":{"rendered":"<p><body><\/p>\n<p><span class=\"text1noticias\">     BAGDAD, 16 mar (Xinhua) &#8212; Un helic\u00f3ptero de la coalici\u00f3n internacional liderada por Estados Unidos se estrell\u00f3 en el oeste de Irak, cerca de la frontera con Siria, inform\u00f3 este viernes el ej\u00e9rcito iraqu\u00ed.<\/span><\/p>\n<p><span class=\"text1noticias\"> <\/span><\/p>\n<p><span class=\"text1noticias\">     Un comunicado de prensa del Comando de Operaciones Conjuntas iraqu\u00ed (JOC) indic\u00f3 que los reportes iniciales se\u00f1alan que el helic\u00f3ptero HH-60 Pave Hawk se accident\u00f3 en el \u00e1rea de al-Qaim, en la provincial occidente iraqu\u00ed de Anbar, y varios miembros de la tripulaci\u00f3n a bordo murieron.<\/span><\/p>\n<p><span class=\"text1noticias\"> <\/span><\/p>\n<p><span class=\"text1noticias\">     En la aeronave se desplazaban siete personas cuando se estrell\u00f3 durante la noche, informaron los medios locales.<\/span><\/p>\n<p><span class=\"text1noticias\"> <\/span><\/p>\n<p><span class=\"text1noticias\">     Una declaraci\u00f3n del Comando Central de EEUU (Centcom) confirm\u00f3 el incidente y agreg\u00f3 que algunos militares en servicio estaban a bordo, sin ofrecer m\u00e1s detalles.<\/span><\/p>\n<p><span class=\"text1noticias\"> <\/span><\/p>\n<p><span class=\"text1noticias\">     \u00abUna investigaci\u00f3n ser\u00e1 iniciada para determinar las causas del accidente\u00bb, agreg\u00f3 el comunicado del Centcom.<\/span><\/p>\n<p><span class=\"text1noticias\"> <\/span><\/p>\n<p><span class=\"text1noticias\">     M\u00e1s de 5.000 soldados de Estados Unidos han sido desplegados en Irak para apoyar y entrenar las fuerzas iraqu\u00edes a pesar de la derrota de los militantes del Estado Isl\u00e1mico (EI) en el territorio iraqu\u00ed.<\/span><\/p>\n<p><span class=\"text1noticias\"> <\/span><\/p>\n<p><span class=\"text1noticias\">     Las tropas hac\u00edan parte de la coalici\u00f3n liderada por Estados Unidos que lleva a cabo ataques a\u00e9reos contra objetivos del EI en Irak y S<\/span>iria. <\/p>\n<h6> 2018-03-16 08:09:14 <\/h6>\n<p><!--\n<link rel=\"stylesheet\" href=\"css\/bootstrap.min.css\">\n\n\n<ul class=\"pagination\">\n\t    \n\t\n\n<li >\n\t<a href='?page_no=11057'>Previous<\/a>\n\t<\/li>\n\n\n       \n    \n\n<li><a href='?page_no=1'>1<\/a><\/li>\n\n\n\n<li><a href='?page_no=2'>2<\/a><\/li>\n\n\n\n<li><a>...<\/a><\/li>\n\n\n\n<li><a href='?page_no=11056'>11056<\/a><\/li>\n\n\n\n<li><a href='?page_no=11057'>11057<\/a><\/li>\n\n\n\n<li class='active'><a>11058<\/a><\/li>\n\n\n\n<li><a href='?page_no=11059'>11059<\/a><\/li>\n\n\n\n<li><a href='?page_no=11060'>11060<\/a><\/li>\n\n\n\n<li><a>...<\/a><\/li>\n\n\n\n<li><a href='?page_no=51012'>51012<\/a><\/li>\n\n\n\n<li><a href='?page_no=51013'>51013<\/a><\/li>\n\n    \n\t\n\n<li >\n\t<a href='?page_no=11059'>Next<\/a>\n\t<\/li>\n\n\n    \n\n<li><a href='?page_no=51013'>Last &rsaquo;&rsaquo;<\/a><\/li>\n\n<\/ul>\n\n\n--><br \/>\n<\/body><\/p>\n","protected":false},"excerpt":{"rendered":"<p>BAGDAD, 16 mar (Xinhua) &#8212; Un helic\u00f3ptero de la coalici\u00f3n internacional liderada por Estados Unidos se estrell\u00f3 en el oeste de Irak, cerca de la frontera con Siria, inform\u00f3 este viernes el ej\u00e9rcito iraqu\u00ed. Un comunicado de prensa del Comando de Operaciones Conjuntas iraqu\u00ed (JOC) indic\u00f3 que los reportes iniciales se\u00f1alan que el helic\u00f3ptero HH-60 [&hellip;]<\/p>\n","protected":false},"author":3,"featured_media":0,"comment_status":"open","ping_status":"open","sticky":false,"template":"","format":"standard","meta":{"footnotes":""},"categories":[23],"tags":[],"class_list":["post-231447","post","type-post","status-publish","format-standard","hentry","category-internacional"],"_links":{"self":[{"href":"https:\/\/diariodominicano.com\/index.php?rest_route=\/wp\/v2\/posts\/231447","targetHints":{"allow":["GET"]}}],"collection":[{"href":"https:\/\/diariodominicano.com\/index.php?rest_route=\/wp\/v2\/posts"}],"about":[{"href":"https:\/\/diariodominicano.com\/index.php?rest_route=\/wp\/v2\/types\/post"}],"author":[{"embeddable":true,"href":"https:\/\/diariodominicano.com\/index.php?rest_route=\/wp\/v2\/users\/3"}],"replies":[{"embeddable":true,"href":"https:\/\/diariodominicano.com\/index.php?rest_route=%2Fwp%2Fv2%2Fcomments&post=231447"}],"version-history":[{"count":0,"href":"https:\/\/diariodominicano.com\/index.php?rest_route=\/wp\/v2\/posts\/231447\/revisions"}],"wp:attachment":[{"href":"https:\/\/diariodominicano.com\/index.php?rest_route=%2Fwp%2Fv2%2Fmedia&parent=231447"}],"wp:term":[{"taxonomy":"category","embeddable":true,"href":"https:\/\/diariodominicano.com\/index.php?rest_route=%2Fwp%2Fv2%2Fcategories&post=231447"},{"taxonomy":"post_tag","embeddable":true,"href":"https:\/\/diariodominicano.com\/index.php?rest_route=%2Fwp%2Fv2%2Ftags&post=231447"}],"curies":[{"name":"wp","href":"https:\/\/api.w.org\/{rel}","templated":true}]}}