{"id":231445,"date":"2018-03-16T12:32:23","date_gmt":"2018-03-16T12:32:23","guid":{"rendered":"http:\/\/diariodominicano.ddns.net\/?p=231445"},"modified":"2018-03-16T12:32:23","modified_gmt":"2018-03-16T12:32:23","slug":"presidentes-de-cuba-y-kenia-por-mayores-nexos-politicos-y-de-cooperacion","status":"publish","type":"post","link":"https:\/\/diariodominicano.com\/?p=231445","title":{"rendered":"Presidentes de Cuba y Kenia por mayores nexos pol\u00edticos y de cooperaci\u00f3n"},"content":{"rendered":"<p><body><\/p>\n<p><img decoding=\"async\" src=\"img3\/137043004_1521166111419_title0h.jpg\" \/><br \/><img decoding=\"async\" src=\"img3\/137043004_15211660545341n.jpg\" \/><br \/><img decoding=\"async\" src=\"img3\/137043004_15211660546741n.jpg\" \/>  <\/p>\n<p><strong>LA HABANA, marzo 15, 2018 (Xinhua) &#8211;<\/strong>&#8211; El presidente de Kenia, Uhuru Kenyatta (c), acompa\u00f1ado por el vicecanciller cubano, Abelardo Moreno (6-d-frente), posa frente al monumento a Jos\u00e9 Mart\u00ed, tras rendir homenaje al h\u00e9roe cubano, en la Plaza de la Revoluci\u00f3n, en La Habana, Cuba, el 15 de marzo de 2018. De acuerdo con informaci\u00f3n de la prensa local, Uhuru Kenyatta se encuentra desde el mi\u00e9rcoles en visita oficial en La Habana. (Xinhua\/Joaqu\u00edn Hern\u00e1ndez)<\/p>\n<\/p>\n<p>LA HABANA, 15 mar (Xinhua) &#8212; El presidente de Cuba, Ra\u00fal Castro, y su hom\u00f3logo de Kenia, Uhuru Kenyatta, destacaron hoy en La Habana los lazos de amistad entre ambos pa\u00edses y su voluntad de fomentar los nexos pol\u00edticos y la cooperaci\u00f3n.<\/p>\n<\/p>\n<p>Castro recibi\u00f3 este jueves en el Palacio de la Revoluci\u00f3n al estadista africano, quien realiza una visita oficial a la mayor de las Antillas, y ambos expresaron satisfacci\u00f3n por la apertura, ma\u00f1ana viernes, de la Embajada de Kenia en la capital de la isla, a la vez que conversaron sobre temas de la agenda internacional.<\/p>\n<\/p>\n<p>Durante las pl\u00e1ticas, el presidente de los Consejos de Estado y de Ministros de Cuba agradeci\u00f3 al gobierno del pa\u00eds africano su contribuci\u00f3n a las labores de recuperaci\u00f3n tras el devastador paso del hurac\u00e1n Irma por el pa\u00eds caribe\u00f1o en el pasado a\u00f1o.<\/p>\n<\/p>\n<p>Con anterioridad, Uhuru Kenyatta particip\u00f3 en la ceremonia de develaci\u00f3n de un busto del padre de la naci\u00f3n keniana, Mzee Jomo Kenyatta, en el Parque habanero de los Pr\u00f3ceres Africanos, ocasi\u00f3n en la que manifest\u00f3 la voluntad de su pa\u00eds de seguir impulsando los v\u00ednculos con Cuba, en honor al primer presidente de Kenia y al l\u00edder de los cubanos, Fidel Castro.<\/p>\n<\/p>\n<p>En ese acto, el visitante record\u00f3 los lazos de amistad entre ambos dirigentes hist\u00f3ricos, iniciados en los a\u00f1os del proceso independista africano, afirm\u00f3 que no se puede hablar de las luchas por la liberaci\u00f3n de Africa sin hablar de Cuba, y agradeci\u00f3 el apoyo del pueblo de la isla durante las batallas contra el colonialismo y el apartheid.<\/p>\n<\/p>\n<p>En las conversaciones con Ra\u00fal Castro, el dignatario africano estuvo acompa\u00f1ado por los ministros de Relaciones Exteriores y Comercio Internacional, Monica K. Juma; y de Deporte y Cultura, Rashid Achesa Mohamud; el encargado de Negocios a.i de Kenia, Anthony Mushiry; y el ministro y secretario general del Partido Jubileo, Raphael Tuju.<\/p>\n<\/p>\n<p>Por la parte cubana estuvieron presentes el canciller, Bruno Rodr\u00edguez Parrilla, el ministro del Comercio Exterior y la Inversi\u00f3n Extranjera, Rodrigo Malmierca, y el de Cultura, Abel Prieto.<\/p>\n<\/p>\n<p>En el \u00e1mbito de la estancia de Uhuru Kenyatta en la \u00ednsula, las c\u00e1maras de Comercio de los dos pa\u00edses firmar\u00e1n un acuerdo de colaboraci\u00f3n, otro paso de reafirmaci\u00f3n de las relaciones bilaterales, establecidas en 1995.<\/p>\n<h6> 2018-03-16 12:32:23 <\/h6>\n<p><!--\n<link rel=\"stylesheet\" href=\"css\/bootstrap.min.css\">\n\n\n<ul class=\"pagination\">\n\t    \n\t\n\n<li >\n\t<a href='?page_no=11055'>Previous<\/a>\n\t<\/li>\n\n\n       \n    \n\n<li><a href='?page_no=1'>1<\/a><\/li>\n\n\n\n<li><a href='?page_no=2'>2<\/a><\/li>\n\n\n\n<li><a>...<\/a><\/li>\n\n\n\n<li><a href='?page_no=11054'>11054<\/a><\/li>\n\n\n\n<li><a href='?page_no=11055'>11055<\/a><\/li>\n\n\n\n<li class='active'><a>11056<\/a><\/li>\n\n\n\n<li><a href='?page_no=11057'>11057<\/a><\/li>\n\n\n\n<li><a href='?page_no=11058'>11058<\/a><\/li>\n\n\n\n<li><a>...<\/a><\/li>\n\n\n\n<li><a href='?page_no=51012'>51012<\/a><\/li>\n\n\n\n<li><a href='?page_no=51013'>51013<\/a><\/li>\n\n    \n\t\n\n<li >\n\t<a href='?page_no=11057'>Next<\/a>\n\t<\/li>\n\n\n    \n\n<li><a href='?page_no=51013'>Last &rsaquo;&rsaquo;<\/a><\/li>\n\n<\/ul>\n\n\n--><br \/>\n<\/body><\/p>\n","protected":false},"excerpt":{"rendered":"<p>LA HABANA, marzo 15, 2018 (Xinhua) &#8211;&#8211; El presidente de Kenia, Uhuru Kenyatta (c), acompa\u00f1ado por el vicecanciller cubano, Abelardo Moreno (6-d-frente), posa frente al monumento a Jos\u00e9 Mart\u00ed, tras rendir homenaje al h\u00e9roe cubano, en la Plaza de la Revoluci\u00f3n, en La Habana, Cuba, el 15 de marzo de 2018. De acuerdo con informaci\u00f3n [&hellip;]<\/p>\n","protected":false},"author":3,"featured_media":0,"comment_status":"open","ping_status":"open","sticky":false,"template":"","format":"standard","meta":{"footnotes":""},"categories":[23],"tags":[],"class_list":["post-231445","post","type-post","status-publish","format-standard","hentry","category-internacional"],"_links":{"self":[{"href":"https:\/\/diariodominicano.com\/index.php?rest_route=\/wp\/v2\/posts\/231445","targetHints":{"allow":["GET"]}}],"collection":[{"href":"https:\/\/diariodominicano.com\/index.php?rest_route=\/wp\/v2\/posts"}],"about":[{"href":"https:\/\/diariodominicano.com\/index.php?rest_route=\/wp\/v2\/types\/post"}],"author":[{"embeddable":true,"href":"https:\/\/diariodominicano.com\/index.php?rest_route=\/wp\/v2\/users\/3"}],"replies":[{"embeddable":true,"href":"https:\/\/diariodominicano.com\/index.php?rest_route=%2Fwp%2Fv2%2Fcomments&post=231445"}],"version-history":[{"count":0,"href":"https:\/\/diariodominicano.com\/index.php?rest_route=\/wp\/v2\/posts\/231445\/revisions"}],"wp:attachment":[{"href":"https:\/\/diariodominicano.com\/index.php?rest_route=%2Fwp%2Fv2%2Fmedia&parent=231445"}],"wp:term":[{"taxonomy":"category","embeddable":true,"href":"https:\/\/diariodominicano.com\/index.php?rest_route=%2Fwp%2Fv2%2Fcategories&post=231445"},{"taxonomy":"post_tag","embeddable":true,"href":"https:\/\/diariodominicano.com\/index.php?rest_route=%2Fwp%2Fv2%2Ftags&post=231445"}],"curies":[{"name":"wp","href":"https:\/\/api.w.org\/{rel}","templated":true}]}}