{"id":231442,"date":"2018-03-16T14:12:23","date_gmt":"2018-03-16T14:12:23","guid":{"rendered":"http:\/\/diariodominicano.ddns.net\/?p=231442"},"modified":"2018-03-16T14:12:23","modified_gmt":"2018-03-16T14:12:23","slug":"vietnam-recuerda-masacre-de-civiles-por-soldados-de-ee-uu","status":"publish","type":"post","link":"https:\/\/diariodominicano.com\/?p=231442","title":{"rendered":"Vietnam recuerda masacre de civiles por soldados de EE.UU."},"content":{"rendered":"<p><body><\/p>\n<p><img decoding=\"async\" src=\"img3\/vietnam.jpg\" \/>  <\/p>\n<p>Hanoi, 16 mar (PL) Vietnam record\u00f3 hoy en una solemne ceremonia a los cientos de civiles asesinados hace 50 a\u00f1os por soldados estadounidenses en la aldea de Son My (o My Lai), en la central provincia de Quang Ngai.<\/p>\n<\/p>\n<p>Lo ocurrido en este lugar no fue la \u00fanica tragedia provocada por las tropas invasoras, pero simboliza los inenarrables dolores que sufri\u00f3 el pueblo vietnamita, expres\u00f3 el vicepresidente del Comit\u00e9 Popular del territorio, Dang Ngoc Dung.<\/p>\n<\/p>\n<p>Asistieron al acto el viceprimer ministro Truong Hoa Binh y otros dirigentes del gobierno, veteranos soldados estadounidenses hoy convencidos de lo inicua de aquella guerra, y vecinos de la comarca, quienes colocaron flores en recordaci\u00f3n a las v\u00edctimas.<\/p>\n<\/p>\n<p>En la ocasi\u00f3n se inform\u00f3 la decisi\u00f3n de crear el Fondo de Paz My Lai y el proyecto de construcci\u00f3n de un parque dedicado a las 504 personas masacradas en Son My, de los cuales 173 eran ni\u00f1os.<\/p>\n<\/p>\n<p>El 16 de marzo de 1968 el ej\u00e9rcito de Estados Unidos lanz\u00f3 una operaci\u00f3n en la zona bajo la consigna de &#8216;Quemar todo, matar todo&#8217;.<\/p>\n<\/p>\n<p>Al frente de un grupo de soldados, el teniente William Calley irrumpi\u00f3 en la aldea y al encontrar solo civiles desarmados, orden\u00f3 violar a las mujeres y ni\u00f1as, matar el ganado y prender fuego a las casas.<\/p>\n<\/p>\n<p>Luego de arrasar el poblado, Calley y sus hombres alinearon a los aldeanos de espaldas a una zanja y les dispararon a mansalva.<\/p>\n<\/p>\n<p>El Ej\u00e9rcito estadounidense hizo ver la masacre como una victoria militar y solo fue m\u00e1s de un a\u00f1o y medio despu\u00e9s cuando un editor independiente, Seymour Hersh, revel\u00f3 la verdad.<\/p>\n<\/p>\n<p>La matanza conmovi\u00f3 a la opini\u00f3n p\u00fablica internacional y sigue siendo una herida no cauterizada entre las familias de las v\u00edctimas y el pueblo vietnamita.<\/p>\n<\/p>\n<p>Pero tambi\u00e9n acicate\u00f3 al movimiento antibelicista en Estados Unidos, cuyo gobierno, avergonzado ante el mundo y derrotado por el Ej\u00e9rcito Popular de Vietnam, tuvo que ordenar el retiro de sus tropas a inicios de 1973.<\/p>\n<\/p>\n<p>El teniente Calley fue juzgado y condenado por los hechos, pero solo estuvo tres a\u00f1os bajo arresto domiciliario porque fue indultado por el presidente Richard Nixon.<\/p>\n<\/p>\n<p>Estados Unidos jam\u00e1s ha pedido perd\u00f3n a Vietnam por esa y otras matanzas.<\/p>\n<h6> 2018-03-16 14:12:23 <\/h6>\n<p><!--\n<link rel=\"stylesheet\" href=\"css\/bootstrap.min.css\">\n\n\n<ul class=\"pagination\">\n\t    \n\t\n\n<li >\n\t<a href='?page_no=11052'>Previous<\/a>\n\t<\/li>\n\n\n       \n    \n\n<li><a href='?page_no=1'>1<\/a><\/li>\n\n\n\n<li><a href='?page_no=2'>2<\/a><\/li>\n\n\n\n<li><a>...<\/a><\/li>\n\n\n\n<li><a href='?page_no=11051'>11051<\/a><\/li>\n\n\n\n<li><a href='?page_no=11052'>11052<\/a><\/li>\n\n\n\n<li class='active'><a>11053<\/a><\/li>\n\n\n\n<li><a href='?page_no=11054'>11054<\/a><\/li>\n\n\n\n<li><a href='?page_no=11055'>11055<\/a><\/li>\n\n\n\n<li><a>...<\/a><\/li>\n\n\n\n<li><a href='?page_no=51012'>51012<\/a><\/li>\n\n\n\n<li><a href='?page_no=51013'>51013<\/a><\/li>\n\n    \n\t\n\n<li >\n\t<a href='?page_no=11054'>Next<\/a>\n\t<\/li>\n\n\n    \n\n<li><a href='?page_no=51013'>Last &rsaquo;&rsaquo;<\/a><\/li>\n\n<\/ul>\n\n\n--><br \/>\n<\/body><\/p>\n","protected":false},"excerpt":{"rendered":"<p>Hanoi, 16 mar (PL) Vietnam record\u00f3 hoy en una solemne ceremonia a los cientos de civiles asesinados hace 50 a\u00f1os por soldados estadounidenses en la aldea de Son My (o My Lai), en la central provincia de Quang Ngai. Lo ocurrido en este lugar no fue la \u00fanica tragedia provocada por las tropas invasoras, pero [&hellip;]<\/p>\n","protected":false},"author":3,"featured_media":0,"comment_status":"open","ping_status":"open","sticky":false,"template":"","format":"standard","meta":{"footnotes":""},"categories":[23],"tags":[],"class_list":["post-231442","post","type-post","status-publish","format-standard","hentry","category-internacional"],"_links":{"self":[{"href":"https:\/\/diariodominicano.com\/index.php?rest_route=\/wp\/v2\/posts\/231442","targetHints":{"allow":["GET"]}}],"collection":[{"href":"https:\/\/diariodominicano.com\/index.php?rest_route=\/wp\/v2\/posts"}],"about":[{"href":"https:\/\/diariodominicano.com\/index.php?rest_route=\/wp\/v2\/types\/post"}],"author":[{"embeddable":true,"href":"https:\/\/diariodominicano.com\/index.php?rest_route=\/wp\/v2\/users\/3"}],"replies":[{"embeddable":true,"href":"https:\/\/diariodominicano.com\/index.php?rest_route=%2Fwp%2Fv2%2Fcomments&post=231442"}],"version-history":[{"count":0,"href":"https:\/\/diariodominicano.com\/index.php?rest_route=\/wp\/v2\/posts\/231442\/revisions"}],"wp:attachment":[{"href":"https:\/\/diariodominicano.com\/index.php?rest_route=%2Fwp%2Fv2%2Fmedia&parent=231442"}],"wp:term":[{"taxonomy":"category","embeddable":true,"href":"https:\/\/diariodominicano.com\/index.php?rest_route=%2Fwp%2Fv2%2Fcategories&post=231442"},{"taxonomy":"post_tag","embeddable":true,"href":"https:\/\/diariodominicano.com\/index.php?rest_route=%2Fwp%2Fv2%2Ftags&post=231442"}],"curies":[{"name":"wp","href":"https:\/\/api.w.org\/{rel}","templated":true}]}}