{"id":231441,"date":"2018-03-16T14:21:58","date_gmt":"2018-03-16T14:21:58","guid":{"rendered":"http:\/\/diariodominicano.ddns.net\/?p=231441"},"modified":"2018-03-16T14:21:58","modified_gmt":"2018-03-16T14:21:58","slug":"exhortan-a-paises-caribenos-a-fortalecer-unidad-ante-desafios","status":"publish","type":"post","link":"https:\/\/diariodominicano.com\/?p=231441","title":{"rendered":"Exhortan a pa\u00edses caribe\u00f1os a fortalecer unidad ante desaf\u00edos"},"content":{"rendered":"<p><body><\/p>\n<p><img decoding=\"async\" src=\"img3\/arreaza-AEC.jpg\" \/>  <\/p>\n<p>Caracas, 16 mar (PL) El canciller de Venezuela, Jorge Arreaza, exhort\u00f3 hoy a los pa\u00edses miembros de la Asociaci\u00f3n de Estados del Caribe (AEC) a crecer en unidad, solidaridad y cooperaci\u00f3n ante los desaf\u00edos y peligros que enfrenta la regi\u00f3n.<\/p>\n<\/p>\n<p>En la inauguraci\u00f3n de la XXIII Reuni\u00f3n Ordinaria del Consejo de Ministros de la AEC, que se celebra en isla Margarita(estado Nueva Esparta), Arreaza inst\u00f3 a los pa\u00edses que firmaron el Acuerdo de Par\u00eds a respetarlo por el bien de la humanidad y de la Tierra.<\/p>\n<\/p>\n<p>Tambi\u00e9n sugiri\u00f3 a no seguir el ejemplo de Estados Unidos que, pese a ser el pa\u00eds m\u00e1s contaminador del planeta, se retir\u00f3 del convenio internacional avalado por la Organizaci\u00f3n de Naciones Unidas que establece medidas para la mitigaci\u00f3n, adaptaci\u00f3n y resiliencia de los ecosistemas a efectos del calentamiento global.<\/p>\n<\/p>\n<p>Indic\u00f3 que la resiliencia es el gran reto de las naciones del Caribe. &#8216;Debemos afrontar las adversidades y retos unidos, como dec\u00eda el Libertador, en la uni\u00f3n est\u00e1 la fuerza, no podemos correr el riesgo de que nos dividan&#8217;, apunt\u00f3.<\/p>\n<\/p>\n<p>El ministro de Relaciones Exteriores destac\u00f3, adem\u00e1s, la labor permanente de la AEC como un mecanismo de cooperaci\u00f3n y concertaci\u00f3n de acciones por el bienestar y desarrollo de los pueblos.<\/p>\n<\/p>\n<p>Subray\u00f3 que es uno de los organismos m\u00e1s estables de la regi\u00f3n, a\u00fan con las circunstancias y las adversidades, siempre ha tenido la facultad de mantenerse en funcionamiento.<\/p>\n<\/p>\n<p>No obstante, sugiri\u00f3 a los Estados miembros de ese bloque a retomar los or\u00edgenes, en torno a los elementos hist\u00f3ricos y culturales que unen a los pueblos caribe\u00f1os .<\/p>\n<\/p>\n<p>Reiter\u00f3 el agradecimiento del presidente Nicol\u00e1s Maduro a la cooperaci\u00f3n que pa\u00edses caribe\u00f1os y de otras regiones mantuvieron con Venezuela durante su presidencia de la Asociaci\u00f3n.<\/p>\n<\/p>\n<p>Igualmente anunci\u00f3 que el gobernante venezolano asistir\u00e1 a la Cumbre de Jefes de Estado y Gobierno del bloque regional que se celebrar\u00e1 el pr\u00f3ximo a\u00f1o en Nicaragua, pa\u00eds que recibir\u00e1 este viernes la presidencia prot\u00e9mpore.<\/p>\n<\/p>\n<p>Arreaza manifest\u00f3 su seguridad de que la naci\u00f3n centroamericana dar\u00e1 seguimiento a los foros de cooperaci\u00f3n, para concretar y ampliar proyectos estrat\u00e9gicos, muchos de los cuales se firmar\u00e1n antes de la clausura de la Cumbre Ministerial.<\/p>\n<h6> 2018-03-16 14:21:58 <\/h6>\n<p><!--\n<link rel=\"stylesheet\" href=\"css\/bootstrap.min.css\">\n\n\n<ul class=\"pagination\">\n\t    \n\t\n\n<li >\n\t<a href='?page_no=11051'>Previous<\/a>\n\t<\/li>\n\n\n       \n    \n\n<li><a href='?page_no=1'>1<\/a><\/li>\n\n\n\n<li><a href='?page_no=2'>2<\/a><\/li>\n\n\n\n<li><a>...<\/a><\/li>\n\n\n\n<li><a href='?page_no=11050'>11050<\/a><\/li>\n\n\n\n<li><a href='?page_no=11051'>11051<\/a><\/li>\n\n\n\n<li class='active'><a>11052<\/a><\/li>\n\n\n\n<li><a href='?page_no=11053'>11053<\/a><\/li>\n\n\n\n<li><a href='?page_no=11054'>11054<\/a><\/li>\n\n\n\n<li><a>...<\/a><\/li>\n\n\n\n<li><a href='?page_no=51012'>51012<\/a><\/li>\n\n\n\n<li><a href='?page_no=51013'>51013<\/a><\/li>\n\n    \n\t\n\n<li >\n\t<a href='?page_no=11053'>Next<\/a>\n\t<\/li>\n\n\n    \n\n<li><a href='?page_no=51013'>Last &rsaquo;&rsaquo;<\/a><\/li>\n\n<\/ul>\n\n\n--><br \/>\n<\/body><\/p>\n","protected":false},"excerpt":{"rendered":"<p>Caracas, 16 mar (PL) El canciller de Venezuela, Jorge Arreaza, exhort\u00f3 hoy a los pa\u00edses miembros de la Asociaci\u00f3n de Estados del Caribe (AEC) a crecer en unidad, solidaridad y cooperaci\u00f3n ante los desaf\u00edos y peligros que enfrenta la regi\u00f3n. En la inauguraci\u00f3n de la XXIII Reuni\u00f3n Ordinaria del Consejo de Ministros de la AEC, [&hellip;]<\/p>\n","protected":false},"author":3,"featured_media":0,"comment_status":"open","ping_status":"open","sticky":false,"template":"","format":"standard","meta":{"footnotes":""},"categories":[23],"tags":[],"class_list":["post-231441","post","type-post","status-publish","format-standard","hentry","category-internacional"],"_links":{"self":[{"href":"https:\/\/diariodominicano.com\/index.php?rest_route=\/wp\/v2\/posts\/231441","targetHints":{"allow":["GET"]}}],"collection":[{"href":"https:\/\/diariodominicano.com\/index.php?rest_route=\/wp\/v2\/posts"}],"about":[{"href":"https:\/\/diariodominicano.com\/index.php?rest_route=\/wp\/v2\/types\/post"}],"author":[{"embeddable":true,"href":"https:\/\/diariodominicano.com\/index.php?rest_route=\/wp\/v2\/users\/3"}],"replies":[{"embeddable":true,"href":"https:\/\/diariodominicano.com\/index.php?rest_route=%2Fwp%2Fv2%2Fcomments&post=231441"}],"version-history":[{"count":0,"href":"https:\/\/diariodominicano.com\/index.php?rest_route=\/wp\/v2\/posts\/231441\/revisions"}],"wp:attachment":[{"href":"https:\/\/diariodominicano.com\/index.php?rest_route=%2Fwp%2Fv2%2Fmedia&parent=231441"}],"wp:term":[{"taxonomy":"category","embeddable":true,"href":"https:\/\/diariodominicano.com\/index.php?rest_route=%2Fwp%2Fv2%2Fcategories&post=231441"},{"taxonomy":"post_tag","embeddable":true,"href":"https:\/\/diariodominicano.com\/index.php?rest_route=%2Fwp%2Fv2%2Ftags&post=231441"}],"curies":[{"name":"wp","href":"https:\/\/api.w.org\/{rel}","templated":true}]}}