{"id":231440,"date":"2018-03-16T15:39:56","date_gmt":"2018-03-16T15:39:56","guid":{"rendered":"http:\/\/diariodominicano.ddns.net\/?p=231440"},"modified":"2018-03-16T15:39:56","modified_gmt":"2018-03-16T15:39:56","slug":"francia-y-alemania-lanzaran-hoja-de-ruta-para-refundacion-de-ue","status":"publish","type":"post","link":"https:\/\/diariodominicano.com\/?p=231440","title":{"rendered":"Francia y Alemania lanzar\u00e1n hoja de ruta para refundaci\u00f3n de UE"},"content":{"rendered":"<p><body><\/p>\n<p><img decoding=\"async\" src=\"img3\/francia-alemania.jpg\" \/>  <\/p>\n<p><span class=\"text1noticias\">Par\u00eds, 16 mar (PL) Los gobierno de Francia y Alemania anunciaron hoy en esta capital el lanzamiento en junio pr\u00f3ximo de una hoja de ruta clara y ambiciosa con vistas a promover una refundaci\u00f3n de la Uni\u00f3n Europea (UE).<\/span><\/p>\n<p><span class=\"text1noticias\"> <\/span><\/p>\n<p><span class=\"text1noticias\">As\u00ed lo manifestaron el presidente franc\u00e9s, Emmanuel Macron, y la canciller federal germana, Angela Merkel, tras sostener un encuentro de trabajo en el Palacio del El\u00edseo.<\/span><\/p>\n<p><span class=\"text1noticias\"> <\/span><\/p>\n<p><span class=\"text1noticias\">El mandatario anfitri\u00f3n consider\u00f3 indispensable el lanzamiento de esa hoja de ruta dirigida a redinamizar el bloque comunitario, en medio de tensiones como la salida del Reino Unido (Brexit) y el avance de fuerzas de extrema derecha en algunos pa\u00edses.<\/span><\/p>\n<p><span class=\"text1noticias\"> <\/span><\/p>\n<p><span class=\"text1noticias\">En tal sentido, Macron abog\u00f3 por construir esa &#8216;nueva ambici\u00f3n sobre la uni\u00f3n econ\u00f3mica y monetaria -especialmente de la zona euro-, sobre inmigraci\u00f3n, defensa y comercio, pero tambi\u00e9n sobre investigaci\u00f3n y educaci\u00f3n&#8217;.<\/span><\/p>\n<p><span class=\"text1noticias\"> <\/span><\/p>\n<p><span class=\"text1noticias\">De su lado, Merkel sostuvo que la reforma a nivel comunitario forma parte del acuerdo de coalici\u00f3n con los socialdem\u00f3cratas, que le permiti\u00f3 formar gobierno tras varios meses de negociaciones.<\/span><\/p>\n<p><span class=\"text1noticias\"> <\/span><\/p>\n<p><span class=\"text1noticias\">La canciller federal estim\u00f3 necesaria la consolidaci\u00f3n del euro, as\u00ed como &#8216;mejorar nuestra competitividad internacional, basada en la innovaci\u00f3n&#8217;.<\/span><\/p>\n<p><span class=\"text1noticias\"> <\/span><\/p>\n<p><span class=\"text1noticias\">Merkel tambi\u00e9n se refiri\u00f3 a la din\u00e1mica de trabajo conjunto con su par franc\u00e9s: &#8216;No tenemos siempre la misma opini\u00f3n, pero Francia y Alemania siempre han hecho mucho juntos&#8217;.<\/span><\/p>\n<p><span class=\"text1noticias\"> <\/span><\/p>\n<p><span class=\"text1noticias\">Los mandatarios anunciaron la realizaci\u00f3n en las pr\u00f3ximas semanas de un Consejo de Ministros reducido entre las dos naciones, con el fin de avanzar en el dise\u00f1o de la hoja de ruta.<\/span><\/p>\n<p><span class=\"text1noticias\"> <\/span><\/p>\n<p><span class=\"text1noticias\">Los trabajos preparatorios se desarrollar\u00e1n previo al Consejo Europeo de junio, en el cual deber\u00e1 ser lanzado el plan.<\/span><\/p>\n<h6> 2018-03-16 15:39:56 <\/h6>\n<p><!--\n<link rel=\"stylesheet\" href=\"css\/bootstrap.min.css\">\n\n\n<ul class=\"pagination\">\n\t    \n\t\n\n<li >\n\t<a href='?page_no=11050'>Previous<\/a>\n\t<\/li>\n\n\n       \n    \n\n<li><a href='?page_no=1'>1<\/a><\/li>\n\n\n\n<li><a href='?page_no=2'>2<\/a><\/li>\n\n\n\n<li><a>...<\/a><\/li>\n\n\n\n<li><a href='?page_no=11049'>11049<\/a><\/li>\n\n\n\n<li><a href='?page_no=11050'>11050<\/a><\/li>\n\n\n\n<li class='active'><a>11051<\/a><\/li>\n\n\n\n<li><a href='?page_no=11052'>11052<\/a><\/li>\n\n\n\n<li><a href='?page_no=11053'>11053<\/a><\/li>\n\n\n\n<li><a>...<\/a><\/li>\n\n\n\n<li><a href='?page_no=51012'>51012<\/a><\/li>\n\n\n\n<li><a href='?page_no=51013'>51013<\/a><\/li>\n\n    \n\t\n\n<li >\n\t<a href='?page_no=11052'>Next<\/a>\n\t<\/li>\n\n\n    \n\n<li><a href='?page_no=51013'>Last &rsaquo;&rsaquo;<\/a><\/li>\n\n<\/ul>\n\n\n--><br \/>\n<\/body><\/p>\n","protected":false},"excerpt":{"rendered":"<p>Par\u00eds, 16 mar (PL) Los gobierno de Francia y Alemania anunciaron hoy en esta capital el lanzamiento en junio pr\u00f3ximo de una hoja de ruta clara y ambiciosa con vistas a promover una refundaci\u00f3n de la Uni\u00f3n Europea (UE). As\u00ed lo manifestaron el presidente franc\u00e9s, Emmanuel Macron, y la canciller federal germana, Angela Merkel, tras [&hellip;]<\/p>\n","protected":false},"author":3,"featured_media":0,"comment_status":"open","ping_status":"open","sticky":false,"template":"","format":"standard","meta":{"footnotes":""},"categories":[23],"tags":[],"class_list":["post-231440","post","type-post","status-publish","format-standard","hentry","category-internacional"],"_links":{"self":[{"href":"https:\/\/diariodominicano.com\/index.php?rest_route=\/wp\/v2\/posts\/231440","targetHints":{"allow":["GET"]}}],"collection":[{"href":"https:\/\/diariodominicano.com\/index.php?rest_route=\/wp\/v2\/posts"}],"about":[{"href":"https:\/\/diariodominicano.com\/index.php?rest_route=\/wp\/v2\/types\/post"}],"author":[{"embeddable":true,"href":"https:\/\/diariodominicano.com\/index.php?rest_route=\/wp\/v2\/users\/3"}],"replies":[{"embeddable":true,"href":"https:\/\/diariodominicano.com\/index.php?rest_route=%2Fwp%2Fv2%2Fcomments&post=231440"}],"version-history":[{"count":0,"href":"https:\/\/diariodominicano.com\/index.php?rest_route=\/wp\/v2\/posts\/231440\/revisions"}],"wp:attachment":[{"href":"https:\/\/diariodominicano.com\/index.php?rest_route=%2Fwp%2Fv2%2Fmedia&parent=231440"}],"wp:term":[{"taxonomy":"category","embeddable":true,"href":"https:\/\/diariodominicano.com\/index.php?rest_route=%2Fwp%2Fv2%2Fcategories&post=231440"},{"taxonomy":"post_tag","embeddable":true,"href":"https:\/\/diariodominicano.com\/index.php?rest_route=%2Fwp%2Fv2%2Ftags&post=231440"}],"curies":[{"name":"wp","href":"https:\/\/api.w.org\/{rel}","templated":true}]}}