{"id":231426,"date":"2018-03-17T15:05:29","date_gmt":"2018-03-17T15:05:29","guid":{"rendered":"http:\/\/diariodominicano.ddns.net\/?p=231426"},"modified":"2018-03-17T15:05:29","modified_gmt":"2018-03-17T15:05:29","slug":"alertan-de-estallido-social-en-espana-ante-recortes-de-rajoy","status":"publish","type":"post","link":"https:\/\/diariodominicano.com\/?p=231426","title":{"rendered":"Alertan de estallido social en Espa\u00f1a ante recortes de Rajoy"},"content":{"rendered":"<p><body><\/p>\n<p><img decoding=\"async\" src=\"img3\/rajoy-recortes.jpg\" \/>  <\/p>\n<p><span class=\"text1noticias\">Madrid, 17 mar (PL) Las principales organizaciones sindicales de Espa\u00f1a advirtieron hoy al gobierno conservador de Mariano Rajoy de un inminente estallido social, si persevera en sus draconianas pol\u00edticas de recortes sociales y su desigual distribuci\u00f3n de la riqueza.<\/span><\/p>\n<\/p>\n<p><span class=\"text1noticias\">El aviso fue lanzado este s\u00e1bado por los secretarios generales de Comisiones Obreras (CC.OO.), Unai Sordo, y de la Uni\u00f3n General de Trabajadores (UGT), Jos\u00e9 \u00c1lvarez, durante una multitudinaria manifestaci\u00f3n en Madrid para reivindicar unas pensiones dignas.<\/span><\/p>\n<\/p>\n<p><span class=\"text1noticias\">A juicio de los l\u00edderes de los dos sindicatos mayoritarios de este pa\u00eds europeo, si Rajoy insiste en ignorar el clamor ciudadano y no adopta medidas para fomentar un reparto m\u00e1s justo de la riqueza, provocar\u00e1 un estallido social y una creciente movilizaci\u00f3n.<\/span><\/p>\n<\/p>\n<p><span class=\"text1noticias\">Espa\u00f1a crece, pero esa renta no se distribuye entre la mayor\u00eda social, denunci\u00f3 Sordo, tras subrayar que los jubilados y la clase trabajadora est\u00e1n pagando todav\u00eda las pol\u00edticas de austeridad aplicadas a partir de 2011 por la administraci\u00f3n del derechista Partido Popular (PP).<\/span><\/p>\n<\/p>\n<p><span class=\"text1noticias\">&#8216;No se pueden seguir alargando las medidas de la crisis&#8217;, remarc\u00f3 el m\u00e1ximo dirigente de CC.OO., quien augur\u00f3 que los j\u00f3venes tambi\u00e9n saldr\u00e1n a la calle porque quieren garant\u00edas para su pensi\u00f3n futura.<\/span><\/p>\n<\/p>\n<p><span class=\"text1noticias\">Ambas centrales obreras insistieron en que el Ejecutivo del PP no puede seguir alargando las duras recetas adoptadas en plena crisis para reducir el gasto p\u00fablico, impidiendo con ello que el crecimiento de la econom\u00eda se traslade a la sociedad.<\/span><\/p>\n<\/p>\n<p><span class=\"text1noticias\">&#8216;El pa\u00eds crece m\u00e1s del tres por ciento, las empresas tienen beneficios grandiosos y las pensiones est\u00e1n congeladas&#8217;, incidi\u00f3 el l\u00edder UGT.<\/span><\/p>\n<\/p>\n<p><span class=\"text1noticias\">Seg\u00fan \u00c1lvarez, no hay raz\u00f3n para no recuperar el poder adquisitivo de las prestaciones a los m\u00e1s de nueve millones de jubilados, y que \u00e9stas vuelvan a la senda que Rajoy modific\u00f3 de manera unilateral en 2013 al desligar su subida de la evoluci\u00f3n de la inflaci\u00f3n.<\/span><\/p>\n<\/p>\n<p><span class=\"text1noticias\">Con el apoyo de la oposici\u00f3n, el sindicalismo demanda que las pensiones aumenten al ritmo de la inflaci\u00f3n, que cerr\u00f3 2017 en 1,2 por ciento, m\u00e1xime en un pa\u00eds donde el Producto Interno Bruto trep\u00f3 por encima del tres por ciento en los \u00faltimos tres a\u00f1os.<\/span><\/p>\n<\/p>\n<p><span class=\"text1noticias\">Desafiando el fr\u00edo y la lluvia, decenas de miles de ciudadanos se manifestaron este s\u00e1bado en toda Espa\u00f1a para exigir retribuciones decentes para las personas mayores.<\/span><\/p>\n<\/p>\n<p><span class=\"text1noticias\">Sin embargo, por quinto a\u00f1o consecutivo la derecha gobernante quiere subir esa paga un 0,25 por ciento, una cantidad de entre dos y seis euros que los beneficiarios califican de rid\u00edcula.<\/span><\/p>\n<\/p>\n<p><span class=\"text1noticias\">La Mesa Estatal por el Blindaje de las Pensiones, convocante de las movilizaciones, demand\u00f3 al gobierno de Rajoy proteger las jubilaciones mediante una reforma de la Constituci\u00f3n, ante el temor de una privatizaci\u00f3n encubierta del sistema p\u00fablico.<\/span><\/p>\n<\/p>\n<p><span class=\"text1noticias\">&#8216;Si se blind\u00f3 el pago de la deuda, a\u00fan con m\u00e1s raz\u00f3n hay que blindar las pensiones, porque nadie puede considerar a los bancos m\u00e1s importantes que las generaciones que con su esfuerzo y su vida construyen el pa\u00eds&#8217;, afirm\u00f3.<\/span><\/p>\n<\/p>\n<p><span class=\"text1noticias\">Im\u00e1genes similares a la de Madrid, con decenas de miles de personas en las calles, se repitieron en Barcelona, Sevilla, Valladolid, Castell\u00f3n, Santander, Zaragoza, Toledo, Palma de Mallorca, Alicante, Murcia, M\u00e9rida, Badajoz y C\u00e1ceres, entre otras ciudades.<\/span><\/p>\n<\/p>\n<h6> 2018-03-17 15:05:29 <\/h6>\n<p><!--\n<link rel=\"stylesheet\" href=\"css\/bootstrap.min.css\">\n\n\n<ul class=\"pagination\">\n\t    \n\t\n\n<li >\n\t<a href='?page_no=11038'>Previous<\/a>\n\t<\/li>\n\n\n       \n    \n\n<li><a href='?page_no=1'>1<\/a><\/li>\n\n\n\n<li><a href='?page_no=2'>2<\/a><\/li>\n\n\n\n<li><a>...<\/a><\/li>\n\n\n\n<li><a href='?page_no=11037'>11037<\/a><\/li>\n\n\n\n<li><a href='?page_no=11038'>11038<\/a><\/li>\n\n\n\n<li class='active'><a>11039<\/a><\/li>\n\n\n\n<li><a href='?page_no=11040'>11040<\/a><\/li>\n\n\n\n<li><a href='?page_no=11041'>11041<\/a><\/li>\n\n\n\n<li><a>...<\/a><\/li>\n\n\n\n<li><a href='?page_no=51012'>51012<\/a><\/li>\n\n\n\n<li><a href='?page_no=51013'>51013<\/a><\/li>\n\n    \n\t\n\n<li >\n\t<a href='?page_no=11040'>Next<\/a>\n\t<\/li>\n\n\n    \n\n<li><a href='?page_no=51013'>Last &rsaquo;&rsaquo;<\/a><\/li>\n\n<\/ul>\n\n\n--><br \/>\n<\/body><\/p>\n","protected":false},"excerpt":{"rendered":"<p>Madrid, 17 mar (PL) Las principales organizaciones sindicales de Espa\u00f1a advirtieron hoy al gobierno conservador de Mariano Rajoy de un inminente estallido social, si persevera en sus draconianas pol\u00edticas de recortes sociales y su desigual distribuci\u00f3n de la riqueza. El aviso fue lanzado este s\u00e1bado por los secretarios generales de Comisiones Obreras (CC.OO.), Unai Sordo, [&hellip;]<\/p>\n","protected":false},"author":3,"featured_media":0,"comment_status":"open","ping_status":"open","sticky":false,"template":"","format":"standard","meta":{"footnotes":""},"categories":[23],"tags":[],"class_list":["post-231426","post","type-post","status-publish","format-standard","hentry","category-internacional"],"_links":{"self":[{"href":"https:\/\/diariodominicano.com\/index.php?rest_route=\/wp\/v2\/posts\/231426","targetHints":{"allow":["GET"]}}],"collection":[{"href":"https:\/\/diariodominicano.com\/index.php?rest_route=\/wp\/v2\/posts"}],"about":[{"href":"https:\/\/diariodominicano.com\/index.php?rest_route=\/wp\/v2\/types\/post"}],"author":[{"embeddable":true,"href":"https:\/\/diariodominicano.com\/index.php?rest_route=\/wp\/v2\/users\/3"}],"replies":[{"embeddable":true,"href":"https:\/\/diariodominicano.com\/index.php?rest_route=%2Fwp%2Fv2%2Fcomments&post=231426"}],"version-history":[{"count":0,"href":"https:\/\/diariodominicano.com\/index.php?rest_route=\/wp\/v2\/posts\/231426\/revisions"}],"wp:attachment":[{"href":"https:\/\/diariodominicano.com\/index.php?rest_route=%2Fwp%2Fv2%2Fmedia&parent=231426"}],"wp:term":[{"taxonomy":"category","embeddable":true,"href":"https:\/\/diariodominicano.com\/index.php?rest_route=%2Fwp%2Fv2%2Fcategories&post=231426"},{"taxonomy":"post_tag","embeddable":true,"href":"https:\/\/diariodominicano.com\/index.php?rest_route=%2Fwp%2Fv2%2Ftags&post=231426"}],"curies":[{"name":"wp","href":"https:\/\/api.w.org\/{rel}","templated":true}]}}