{"id":231425,"date":"2018-03-17T15:09:57","date_gmt":"2018-03-17T15:09:57","guid":{"rendered":"http:\/\/diariodominicano.ddns.net\/?p=231425"},"modified":"2018-03-17T15:09:57","modified_gmt":"2018-03-17T15:09:57","slug":"saluda-vietnam-reeleccion-de-xi-jinping-como-presidente-de-china","status":"publish","type":"post","link":"https:\/\/diariodominicano.com\/?p=231425","title":{"rendered":"Saluda Vietnam reelecci\u00f3n de Xi Jinping como presidente de China"},"content":{"rendered":"<p><body><\/p>\n<p><img decoding=\"async\" src=\"img3\/Tran-Dai-Quang.jpg\" \/>  <\/p>\n<\/p>\n<p>Hanoi, 17 mar (PL) El presidente vietnamita, Tran Dai Quang, congratul\u00f3 hoy a Xi Jinping por ser reelecto presidente de China por votaci\u00f3n un\u00e1nime de la Asamblea Popular Nacional.<\/p>\n<\/p>\n<p>El tambi\u00e9n jefe del Consejo Nacional de Defensa y Seguridad de Vietnam felicit\u00f3 igualmente a Xi por ser ratificado como titular de la Comisi\u00f3n Militar Central de China.<\/p>\n<\/p>\n<p>Otros dirigentes vietnamitas enviaron mensajes de felicitaci\u00f3n a sus hom\u00f3logos chinos elegidos durante la primera sesi\u00f3n de la XIII Asamblea Popular Nacional.<\/p>\n<\/p>\n<p>La presidenta de la Asamblea Nacional de Vietnam, Nguyen Thi Kim Ngan, manifest\u00f3 sus parabienes a Li Zhanshu, elegido titular del Comit\u00e9 Permanente de la XIII Asamblea Popular Nacional. Li es miembro del Comit\u00e9 Permanente del Bur\u00f3 Pol\u00edtico del Comit\u00e9 Central del Partido Comunista de China.<\/p>\n<\/p>\n<p>Por su parte, la vicepresidenta de Vietnam, Dang Thi Ngoc Thinh, felicit\u00f3 a Wang Qishan por su elecci\u00f3n como nuevo vicepresidente chino.<\/p>\n<h6> 2018-03-17 15:09:57 <\/h6>\n<p><!--\n<link rel=\"stylesheet\" href=\"css\/bootstrap.min.css\">\n\n\n<ul class=\"pagination\">\n\t    \n\t\n\n<li >\n\t<a href='?page_no=11037'>Previous<\/a>\n\t<\/li>\n\n\n       \n    \n\n<li><a href='?page_no=1'>1<\/a><\/li>\n\n\n\n<li><a href='?page_no=2'>2<\/a><\/li>\n\n\n\n<li><a>...<\/a><\/li>\n\n\n\n<li><a href='?page_no=11036'>11036<\/a><\/li>\n\n\n\n<li><a href='?page_no=11037'>11037<\/a><\/li>\n\n\n\n<li class='active'><a>11038<\/a><\/li>\n\n\n\n<li><a href='?page_no=11039'>11039<\/a><\/li>\n\n\n\n<li><a href='?page_no=11040'>11040<\/a><\/li>\n\n\n\n<li><a>...<\/a><\/li>\n\n\n\n<li><a href='?page_no=51012'>51012<\/a><\/li>\n\n\n\n<li><a href='?page_no=51013'>51013<\/a><\/li>\n\n    \n\t\n\n<li >\n\t<a href='?page_no=11039'>Next<\/a>\n\t<\/li>\n\n\n    \n\n<li><a href='?page_no=51013'>Last &rsaquo;&rsaquo;<\/a><\/li>\n\n<\/ul>\n\n\n--><br \/>\n<\/body><\/p>\n","protected":false},"excerpt":{"rendered":"<p>Hanoi, 17 mar (PL) El presidente vietnamita, Tran Dai Quang, congratul\u00f3 hoy a Xi Jinping por ser reelecto presidente de China por votaci\u00f3n un\u00e1nime de la Asamblea Popular Nacional. El tambi\u00e9n jefe del Consejo Nacional de Defensa y Seguridad de Vietnam felicit\u00f3 igualmente a Xi por ser ratificado como titular de la Comisi\u00f3n Militar Central [&hellip;]<\/p>\n","protected":false},"author":3,"featured_media":0,"comment_status":"open","ping_status":"open","sticky":false,"template":"","format":"standard","meta":{"footnotes":""},"categories":[23],"tags":[],"class_list":["post-231425","post","type-post","status-publish","format-standard","hentry","category-internacional"],"_links":{"self":[{"href":"https:\/\/diariodominicano.com\/index.php?rest_route=\/wp\/v2\/posts\/231425","targetHints":{"allow":["GET"]}}],"collection":[{"href":"https:\/\/diariodominicano.com\/index.php?rest_route=\/wp\/v2\/posts"}],"about":[{"href":"https:\/\/diariodominicano.com\/index.php?rest_route=\/wp\/v2\/types\/post"}],"author":[{"embeddable":true,"href":"https:\/\/diariodominicano.com\/index.php?rest_route=\/wp\/v2\/users\/3"}],"replies":[{"embeddable":true,"href":"https:\/\/diariodominicano.com\/index.php?rest_route=%2Fwp%2Fv2%2Fcomments&post=231425"}],"version-history":[{"count":0,"href":"https:\/\/diariodominicano.com\/index.php?rest_route=\/wp\/v2\/posts\/231425\/revisions"}],"wp:attachment":[{"href":"https:\/\/diariodominicano.com\/index.php?rest_route=%2Fwp%2Fv2%2Fmedia&parent=231425"}],"wp:term":[{"taxonomy":"category","embeddable":true,"href":"https:\/\/diariodominicano.com\/index.php?rest_route=%2Fwp%2Fv2%2Fcategories&post=231425"},{"taxonomy":"post_tag","embeddable":true,"href":"https:\/\/diariodominicano.com\/index.php?rest_route=%2Fwp%2Fv2%2Ftags&post=231425"}],"curies":[{"name":"wp","href":"https:\/\/api.w.org\/{rel}","templated":true}]}}