{"id":231422,"date":"2018-03-18T02:47:13","date_gmt":"2018-03-18T02:47:13","guid":{"rendered":"http:\/\/diariodominicano.ddns.net\/?p=231422"},"modified":"2018-03-18T02:47:13","modified_gmt":"2018-03-18T02:47:13","slug":"merkel-senala-que-ue-esta-en-fase-critica","status":"publish","type":"post","link":"https:\/\/diariodominicano.com\/?p=231422","title":{"rendered":"Merkel se\u00f1ala que UE est\u00e1 en fase cr\u00edtica"},"content":{"rendered":"<p><body><\/p>\n<p><strong>  <\/strong><\/p>\n<p><strong>BERLIN, 17 mar (Xinhua) &#8212; <\/strong>La canciller alemana Angela Merkel declar\u00f3 que la Uni\u00f3n Europea (UE) se encuentra ahora en una fase cr\u00edtica y que Alemania quiere resolver los principales problemas europeos r\u00e1pidamente junto con Francia.<\/p>\n<\/p>\n<p>En un podcast difundido hoy, Merkel se\u00f1al\u00f3 que el Consejo Europeo que se reunir\u00e1 la pr\u00f3xima semana hablar\u00e1 por primera vez sobre la idea de las futuras relaciones de la UE con Reino Unido despu\u00e9s de su salida del bloque.<\/p>\n<\/p>\n<p>\u00abPor supuesto, Reino Unido tiene que expresar lo que quiere\u00bb dijo la canciller, \u00abesto tambi\u00e9n significa que continuaremos trabajando muy de cerca en el campo cient\u00edfico\u00bb.<\/p>\n<\/p>\n<p>Merkel indic\u00f3 que, junto con el presidente franc\u00e9s Emmanuel Macron, Alemania quiere enfrentar los asuntos f\u00e1cilmente para resolver los problemas a nivel europeo m\u00e1s que a nivel nacional, incluyendo asuntos sobre la fortaleza econ\u00f3mica, la estabilizaci\u00f3n del euro a largo plazo y la protecci\u00f3n de las fronteras externas de la UE.<\/p>\n<\/p>\n<p>\u00abEspero que podamos lograr resultados r\u00e1pidamente\u00bb, mencion\u00f3 Merkel. \u00abFrancia y Alemania trabajar\u00e1n juntos muy estrechamente\u00bb.<\/p>\n<\/p>\n<p>\u00abLa Uni\u00f3n Europea est\u00e1 en una fase cr\u00edtica\u00bb, afirm\u00f3 Merkel, refiri\u00e9ndose al Brexit y a la situaci\u00f3n internacional que compromete a la UE a tomar acci\u00f3n.<\/p>\n<\/p>\n<p>En su primer viaje al extranjero despu\u00e9s de ser reelecta como canciller de Alemania para un cuarto mandato, Merkel visit\u00f3 el viernes Par\u00eds para conversar con Macron sobre asuntos de la UE. Hay amplias expectativas de que se reanime la Iniciativa franco-alemana de Integraci\u00f3n Europea.<\/p>\n<h6> 2018-03-18 02:47:13 <\/h6>\n<p><!--\n<link rel=\"stylesheet\" href=\"css\/bootstrap.min.css\">\n\n\n<ul class=\"pagination\">\n\t    \n\t\n\n<li >\n\t<a href='?page_no=11034'>Previous<\/a>\n\t<\/li>\n\n\n       \n    \n\n<li><a href='?page_no=1'>1<\/a><\/li>\n\n\n\n<li><a href='?page_no=2'>2<\/a><\/li>\n\n\n\n<li><a>...<\/a><\/li>\n\n\n\n<li><a href='?page_no=11033'>11033<\/a><\/li>\n\n\n\n<li><a href='?page_no=11034'>11034<\/a><\/li>\n\n\n\n<li class='active'><a>11035<\/a><\/li>\n\n\n\n<li><a href='?page_no=11036'>11036<\/a><\/li>\n\n\n\n<li><a href='?page_no=11037'>11037<\/a><\/li>\n\n\n\n<li><a>...<\/a><\/li>\n\n\n\n<li><a href='?page_no=51012'>51012<\/a><\/li>\n\n\n\n<li><a href='?page_no=51013'>51013<\/a><\/li>\n\n    \n\t\n\n<li >\n\t<a href='?page_no=11036'>Next<\/a>\n\t<\/li>\n\n\n    \n\n<li><a href='?page_no=51013'>Last &rsaquo;&rsaquo;<\/a><\/li>\n\n<\/ul>\n\n\n--><br \/>\n<\/body><\/p>\n","protected":false},"excerpt":{"rendered":"<p>BERLIN, 17 mar (Xinhua) &#8212; La canciller alemana Angela Merkel declar\u00f3 que la Uni\u00f3n Europea (UE) se encuentra ahora en una fase cr\u00edtica y que Alemania quiere resolver los principales problemas europeos r\u00e1pidamente junto con Francia. En un podcast difundido hoy, Merkel se\u00f1al\u00f3 que el Consejo Europeo que se reunir\u00e1 la pr\u00f3xima semana hablar\u00e1 por [&hellip;]<\/p>\n","protected":false},"author":3,"featured_media":0,"comment_status":"open","ping_status":"open","sticky":false,"template":"","format":"standard","meta":{"footnotes":""},"categories":[23],"tags":[],"class_list":["post-231422","post","type-post","status-publish","format-standard","hentry","category-internacional"],"_links":{"self":[{"href":"https:\/\/diariodominicano.com\/index.php?rest_route=\/wp\/v2\/posts\/231422","targetHints":{"allow":["GET"]}}],"collection":[{"href":"https:\/\/diariodominicano.com\/index.php?rest_route=\/wp\/v2\/posts"}],"about":[{"href":"https:\/\/diariodominicano.com\/index.php?rest_route=\/wp\/v2\/types\/post"}],"author":[{"embeddable":true,"href":"https:\/\/diariodominicano.com\/index.php?rest_route=\/wp\/v2\/users\/3"}],"replies":[{"embeddable":true,"href":"https:\/\/diariodominicano.com\/index.php?rest_route=%2Fwp%2Fv2%2Fcomments&post=231422"}],"version-history":[{"count":0,"href":"https:\/\/diariodominicano.com\/index.php?rest_route=\/wp\/v2\/posts\/231422\/revisions"}],"wp:attachment":[{"href":"https:\/\/diariodominicano.com\/index.php?rest_route=%2Fwp%2Fv2%2Fmedia&parent=231422"}],"wp:term":[{"taxonomy":"category","embeddable":true,"href":"https:\/\/diariodominicano.com\/index.php?rest_route=%2Fwp%2Fv2%2Fcategories&post=231422"},{"taxonomy":"post_tag","embeddable":true,"href":"https:\/\/diariodominicano.com\/index.php?rest_route=%2Fwp%2Fv2%2Ftags&post=231422"}],"curies":[{"name":"wp","href":"https:\/\/api.w.org\/{rel}","templated":true}]}}