{"id":231414,"date":"2018-03-18T10:18:28","date_gmt":"2018-03-18T10:18:28","guid":{"rendered":"http:\/\/diariodominicano.ddns.net\/?p=231414"},"modified":"2018-03-18T10:18:28","modified_gmt":"2018-03-18T10:18:28","slug":"desigualdad-y-pobreza-subsisten-en-panama-pese-a-pujante-economia","status":"publish","type":"post","link":"https:\/\/diariodominicano.com\/?p=231414","title":{"rendered":"Desigualdad y pobreza subsisten en Panam\u00e1, pese a pujante econom\u00eda"},"content":{"rendered":"<p><body><\/p>\n<p><img decoding=\"async\" src=\"img3\/panamadesigualdad.jpg\" \/>  <\/p>\n<p><strong> Panam\u00e1,18 mar (PL) <\/strong>Pese a que la econom\u00eda paname\u00f1a es hoy una de las m\u00e1s pujantes de Am\u00e9rica Latina y el Caribe, a\u00fan subsisten la desigualdad y la pobreza que afectan en particular a los pueblos ind\u00edgenas.<\/p>\n<\/p>\n<p>Seg\u00fan la economista Maribel Gord\u00f3n, la relaci\u00f3n Producto Interno Bruto (PIB)-salario refleja una disminuci\u00f3n de poco m\u00e1s de un punto porcentual entre 2003 y 2016, a pesarde que el pa\u00eds genera riquezas.<\/p>\n<\/p>\n<p>Precis\u00f3 que el modelo de crecimiento econ\u00f3mico favorece los grandes capitales, la concentraci\u00f3n y acumulaci\u00f3n de riquezas en pocas manos, regiones y actividades econ\u00f3micas.<\/p>\n<\/p>\n<p>Al respecto, apunt\u00f3 que uno de cada cuatro paname\u00f1os es pobre, situaci\u00f3n que resulta m\u00e1s preocupante entre los j\u00f3venes menores de 18 a\u00f1os, pensionados, \u00e1reas rurales e ind\u00edgenas porque &#8216;los derechos han sido convertidos en mercanc\u00eda, para favorecer los procesos privatizadores&#8217; en salud, educaci\u00f3n, agua y otros servicios.<\/p>\n<\/p>\n<p>A juicio de Gord\u00f3n, el crecimiento econ\u00f3mico basado en el desarrollo de macroproyectos, la venta de activos a empresas extranjeras y la desnacionalizaci\u00f3n del patrimonio de todos los ciudadanos agudiza la exclusi\u00f3n y la desigualdad social.<\/p>\n<\/p>\n<p>Reconoci\u00f3 que nunca ha sido inter\u00e9s de los grupos que administran el Estado resolver las causas que generan la brecha, por el contrario, la acumulaci\u00f3n de sus riquezas se sustenta en la imposici\u00f3n de medidas y pol\u00edticas econ\u00f3micas impopulares.<\/p>\n<\/p>\n<p>Por ello, resulta necesario la construcci\u00f3n de una nueva sociedad basada en relaciones sociales justas y equitativas, y que su base de producci\u00f3n material sea para satisfacer las necesidades de vida de la colectividad, afirm\u00f3.<\/p>\n<\/p>\n<p>&#8216;El pa\u00eds requiere un Estado participativo, ejecutor, regulador y rector de la actividad econ\u00f3mica, en el cual prevalezca el inter\u00e9s p\u00fablico sobre el privado y lo social sobre lo particular, optando por la planificaci\u00f3n como instrumento de la pol\u00edtica econ\u00f3mica&#8217;, asegur\u00f3.<\/p>\n<\/p>\n<p>Gord\u00f3n se\u00f1al\u00f3 que Panam\u00e1 actualmente exhibe un crecimiento que los economistas valoran como natural y, por ende, sostenible; sin embargo, no es arm\u00f3nico porque se sustenta en las actividades de servicios, cada vez m\u00e1s concentradas en el mercado externo en detrimento del dom\u00e9stico.<\/p>\n<\/p>\n<p>&#8216;No basta con crecer, es necesario mirar el desarrollo econ\u00f3mico que considere el bienestar humano&#8217;, asever\u00f3 la especialista, quien consider\u00f3 que el crecimiento v\u00eda &#8216;Hub Log\u00edstico&#8217; (econom\u00eda intangible) es excluyente y no genera empleo, sino profundiza la inequidad social y regional.<\/p>\n<\/p>\n<p>De acuerdo con el Fondo Monetario Internacional y otros organismos internacionales, Panam\u00e1 mantendr\u00e1 tasas de crecimiento entre cinco y seis por ciento, adem\u00e1s del PIB per c\u00e1pita m\u00e1s alto de Am\u00e9rica Latina y el Caribe, desplazando a Chile, naci\u00f3n que en los \u00faltimos 16 a\u00f1os lider\u00f3 esta cifra.<\/p>\n<\/p>\n<p>oda\/npg<\/p>\n<h6> 2018-03-18 10:18:28 <\/h6>\n<p><!--\n<link rel=\"stylesheet\" href=\"css\/bootstrap.min.css\">\n\n\n<ul class=\"pagination\">\n\t    \n\t\n\n<li >\n\t<a href='?page_no=11027'>Previous<\/a>\n\t<\/li>\n\n\n       \n    \n\n<li><a href='?page_no=1'>1<\/a><\/li>\n\n\n\n<li><a href='?page_no=2'>2<\/a><\/li>\n\n\n\n<li><a>...<\/a><\/li>\n\n\n\n<li><a href='?page_no=11026'>11026<\/a><\/li>\n\n\n\n<li><a href='?page_no=11027'>11027<\/a><\/li>\n\n\n\n<li class='active'><a>11028<\/a><\/li>\n\n\n\n<li><a href='?page_no=11029'>11029<\/a><\/li>\n\n\n\n<li><a href='?page_no=11030'>11030<\/a><\/li>\n\n\n\n<li><a>...<\/a><\/li>\n\n\n\n<li><a href='?page_no=51012'>51012<\/a><\/li>\n\n\n\n<li><a href='?page_no=51013'>51013<\/a><\/li>\n\n    \n\t\n\n<li >\n\t<a href='?page_no=11029'>Next<\/a>\n\t<\/li>\n\n\n    \n\n<li><a href='?page_no=51013'>Last &rsaquo;&rsaquo;<\/a><\/li>\n\n<\/ul>\n\n\n--><br \/>\n<\/body><\/p>\n","protected":false},"excerpt":{"rendered":"<p>Panam\u00e1,18 mar (PL) Pese a que la econom\u00eda paname\u00f1a es hoy una de las m\u00e1s pujantes de Am\u00e9rica Latina y el Caribe, a\u00fan subsisten la desigualdad y la pobreza que afectan en particular a los pueblos ind\u00edgenas. Seg\u00fan la economista Maribel Gord\u00f3n, la relaci\u00f3n Producto Interno Bruto (PIB)-salario refleja una disminuci\u00f3n de poco m\u00e1s de [&hellip;]<\/p>\n","protected":false},"author":3,"featured_media":0,"comment_status":"open","ping_status":"open","sticky":false,"template":"","format":"standard","meta":{"footnotes":""},"categories":[23],"tags":[],"class_list":["post-231414","post","type-post","status-publish","format-standard","hentry","category-internacional"],"_links":{"self":[{"href":"https:\/\/diariodominicano.com\/index.php?rest_route=\/wp\/v2\/posts\/231414","targetHints":{"allow":["GET"]}}],"collection":[{"href":"https:\/\/diariodominicano.com\/index.php?rest_route=\/wp\/v2\/posts"}],"about":[{"href":"https:\/\/diariodominicano.com\/index.php?rest_route=\/wp\/v2\/types\/post"}],"author":[{"embeddable":true,"href":"https:\/\/diariodominicano.com\/index.php?rest_route=\/wp\/v2\/users\/3"}],"replies":[{"embeddable":true,"href":"https:\/\/diariodominicano.com\/index.php?rest_route=%2Fwp%2Fv2%2Fcomments&post=231414"}],"version-history":[{"count":0,"href":"https:\/\/diariodominicano.com\/index.php?rest_route=\/wp\/v2\/posts\/231414\/revisions"}],"wp:attachment":[{"href":"https:\/\/diariodominicano.com\/index.php?rest_route=%2Fwp%2Fv2%2Fmedia&parent=231414"}],"wp:term":[{"taxonomy":"category","embeddable":true,"href":"https:\/\/diariodominicano.com\/index.php?rest_route=%2Fwp%2Fv2%2Fcategories&post=231414"},{"taxonomy":"post_tag","embeddable":true,"href":"https:\/\/diariodominicano.com\/index.php?rest_route=%2Fwp%2Fv2%2Ftags&post=231414"}],"curies":[{"name":"wp","href":"https:\/\/api.w.org\/{rel}","templated":true}]}}