{"id":231413,"date":"2018-03-18T13:34:10","date_gmt":"2018-03-18T13:34:10","guid":{"rendered":"http:\/\/diariodominicano.ddns.net\/?p=231413"},"modified":"2018-03-18T13:34:10","modified_gmt":"2018-03-18T13:34:10","slug":"bolivia-confia-en-un-fallo-favorable-en-la-haya-a-demanda-maritima","status":"publish","type":"post","link":"https:\/\/diariodominicano.com\/?p=231413","title":{"rendered":"Bolivia conf\u00eda en un fallo favorable en La Haya a demanda mar\u00edtima"},"content":{"rendered":"<p><body><\/p>\n<p><img decoding=\"async\" src=\"img3\/Hector-Arce.jpg\" \/>  <\/p>\n<p><strong> Por Pedro Rioseco<\/strong><\/p>\n<p><strong>La Paz, 18 mar (PL)<\/strong> Confiamos en la justicia y esperamos un fallo favorable de la Corte Internacional de Justicia (CIJ) a la demanda boliviana sobre una salida al mar, afirm\u00f3 el ministro de Justicia, H\u00e9ctor Arce.<\/p>\n<\/p>\n<p>En declaraciones desde La Haya al canal Bolivia TV y a pocas horas de comenzar los alegatos orales, Arce calific\u00f3 este momento de hist\u00f3rico.<\/p>\n<\/p>\n<p>Refiri\u00f3 que todos los que han luchado por la causa boliviana durante sus 129 a\u00f1os de enclaustramiento mar\u00edtimo estar\u00e1n presentes y pendientes de este anhelo de reivindicaci\u00f3n.<\/p>\n<\/p>\n<p>Manifest\u00f3 que conf\u00eda en una actitud constructiva de parte del gobierno chileno.<\/p>\n<\/p>\n<p>El presidente Evo Morales, precis\u00f3 Arce al programa El Pueblo es Noticia, decidi\u00f3 llevar este caso ante este tribunal ante la posici\u00f3n de Chile en los \u00faltimos a\u00f1os de no resolver por la v\u00eda del di\u00e1logo el reclamo hist\u00f3rico de Bolivia.<\/p>\n<\/p>\n<p>Elogi\u00f3 la competencia del equipo internacional de juristas formado para defender la causa boliviana y el respaldo de unidad que se expresa en la presencia de una amplia delegaci\u00f3n que incluye a expresidentes de gobiernos anteriores y otras personalidades.<\/p>\n<\/p>\n<p>Tal demanda, agreg\u00f3, cuenta con el apoyo de varios pa\u00edses del mundo, rechaz\u00f3 la campa\u00f1a de falsedades lanzadas por Chile respecto a la demanda mar\u00edtima y destac\u00f3 el que la CIJ se declarara competente para analizar este reclamo.<\/p>\n<\/p>\n<p>Ese tribunal estableci\u00f3 que Bolivia naci\u00f3 con mar y la situaci\u00f3n entre este pa\u00eds y Chile no est\u00e1 saldada, puntualiz\u00f3 Arce.<\/p>\n<\/p>\n<p>Evo Morales lidera este reclamo y la acci\u00f3n del equipo jur\u00eddico. Hemos concluido la preparaci\u00f3n siguiendo sus indicaciones y la invitaci\u00f3n que ha hecho a todos los sectores de la poblaci\u00f3n boliviana a estar presentes en este momento hist\u00f3rico, remarc\u00f3.<\/p>\n<\/p>\n<p>Por primera vez la Corte de La Haya recibe a un presidente en ejercicio durante una audiencia, coment\u00f3 el ministro.<\/p>\n<\/p>\n<p>El jueves y viernes presentar\u00e1 Chile sus alegatos y luego termina la fase oral del proceso y comienza la deliberaci\u00f3n de los magistrados.<\/p>\n<\/p>\n<p>La CIJ es un \u00f3rgano de Naciones Unidas, con importantes decisiones en su desempe\u00f1o que ha evitado o solucionado conflictos.<\/p>\n<\/p>\n<p>En este caso acudimos a esa corte con dignidad y la determinaci\u00f3n de buscar su apoyo para una soluci\u00f3n justa, recalc\u00f3 Arce.<\/p>\n<\/p>\n<p>Bolivia reclama a Chile negociar su pedido de salida al oc\u00e9ano Pac\u00edfico, la cual perdi\u00f3 en 1879 por una invasi\u00f3n.<\/p>\n<\/p>\n<p>ocs\/prl<\/p>\n<p>Temas Relacionados:<\/p>\n<h6> 2018-03-18 13:34:10 <\/h6>\n<p><!--\n<link rel=\"stylesheet\" href=\"css\/bootstrap.min.css\">\n\n\n<ul class=\"pagination\">\n\t    \n\t\n\n<li >\n\t<a href='?page_no=11026'>Previous<\/a>\n\t<\/li>\n\n\n       \n    \n\n<li><a href='?page_no=1'>1<\/a><\/li>\n\n\n\n<li><a href='?page_no=2'>2<\/a><\/li>\n\n\n\n<li><a>...<\/a><\/li>\n\n\n\n<li><a href='?page_no=11025'>11025<\/a><\/li>\n\n\n\n<li><a href='?page_no=11026'>11026<\/a><\/li>\n\n\n\n<li class='active'><a>11027<\/a><\/li>\n\n\n\n<li><a href='?page_no=11028'>11028<\/a><\/li>\n\n\n\n<li><a href='?page_no=11029'>11029<\/a><\/li>\n\n\n\n<li><a>...<\/a><\/li>\n\n\n\n<li><a href='?page_no=51012'>51012<\/a><\/li>\n\n\n\n<li><a href='?page_no=51013'>51013<\/a><\/li>\n\n    \n\t\n\n<li >\n\t<a href='?page_no=11028'>Next<\/a>\n\t<\/li>\n\n\n    \n\n<li><a href='?page_no=51013'>Last &rsaquo;&rsaquo;<\/a><\/li>\n\n<\/ul>\n\n\n--><br \/>\n<\/body><\/p>\n","protected":false},"excerpt":{"rendered":"<p>Por Pedro Rioseco La Paz, 18 mar (PL) Confiamos en la justicia y esperamos un fallo favorable de la Corte Internacional de Justicia (CIJ) a la demanda boliviana sobre una salida al mar, afirm\u00f3 el ministro de Justicia, H\u00e9ctor Arce. En declaraciones desde La Haya al canal Bolivia TV y a pocas horas de comenzar [&hellip;]<\/p>\n","protected":false},"author":3,"featured_media":0,"comment_status":"open","ping_status":"open","sticky":false,"template":"","format":"standard","meta":{"footnotes":""},"categories":[23],"tags":[],"class_list":["post-231413","post","type-post","status-publish","format-standard","hentry","category-internacional"],"_links":{"self":[{"href":"https:\/\/diariodominicano.com\/index.php?rest_route=\/wp\/v2\/posts\/231413","targetHints":{"allow":["GET"]}}],"collection":[{"href":"https:\/\/diariodominicano.com\/index.php?rest_route=\/wp\/v2\/posts"}],"about":[{"href":"https:\/\/diariodominicano.com\/index.php?rest_route=\/wp\/v2\/types\/post"}],"author":[{"embeddable":true,"href":"https:\/\/diariodominicano.com\/index.php?rest_route=\/wp\/v2\/users\/3"}],"replies":[{"embeddable":true,"href":"https:\/\/diariodominicano.com\/index.php?rest_route=%2Fwp%2Fv2%2Fcomments&post=231413"}],"version-history":[{"count":0,"href":"https:\/\/diariodominicano.com\/index.php?rest_route=\/wp\/v2\/posts\/231413\/revisions"}],"wp:attachment":[{"href":"https:\/\/diariodominicano.com\/index.php?rest_route=%2Fwp%2Fv2%2Fmedia&parent=231413"}],"wp:term":[{"taxonomy":"category","embeddable":true,"href":"https:\/\/diariodominicano.com\/index.php?rest_route=%2Fwp%2Fv2%2Fcategories&post=231413"},{"taxonomy":"post_tag","embeddable":true,"href":"https:\/\/diariodominicano.com\/index.php?rest_route=%2Fwp%2Fv2%2Ftags&post=231413"}],"curies":[{"name":"wp","href":"https:\/\/api.w.org\/{rel}","templated":true}]}}