{"id":231407,"date":"2018-03-18T21:39:20","date_gmt":"2018-03-18T21:39:20","guid":{"rendered":"http:\/\/diariodominicano.ddns.net\/?p=231407"},"modified":"2018-03-18T21:39:20","modified_gmt":"2018-03-18T21:39:20","slug":"putin-rechaza-acusacion-en-contra-de-rusia-por-uso-de-armas-quimicas","status":"publish","type":"post","link":"https:\/\/diariodominicano.com\/?p=231407","title":{"rendered":"Putin rechaza acusaci\u00f3n en contra de Rusia por uso de armas qu\u00edmicas"},"content":{"rendered":"<p><body><\/p>\n<p><img decoding=\"async\" src=\"img3\/0-putinreelectoq.jpg\" \/>  <\/p>\n<p><strong> Mosc\u00fa, 18 mar (PL) <\/strong>El presidente Vladimir Putin rechaz\u00f3 hoy las acusaciones en contra de Rusia sobre su supuesta implicaci\u00f3n en un ataque con armas qu\u00edmicas contra el doble agente Serguei Skripal y su hija Julia, en el Reino Unido.<\/p>\n<\/p>\n<p>Lo que he o\u00eddo por los medios de informaci\u00f3n es que se trata de armas qu\u00edmicas. Si en realidad lo fueran, los agredidos carecieran de cualquier posibilidad de sobrevivir, coment\u00f3 Putin, qui\u00e9n tras el conteo de m\u00e1s de 93 por ciento de los boletos, acumulaba 76,5 por ciento de los votos.<\/p>\n<\/p>\n<p>Luego de reunirse con el personal de su estado mayor electoral, al conocerse los resultados preliminares de las presidenciales, el jefe de Estado aclar\u00f3 que Rusia carece de tales medios de guerra.<\/p>\n<\/p>\n<p>Todas esas armas las destruimos bajo control de observadores internacionales, adem\u00e1s, lo hicimos primero, a diferencia de nuestros socios que prometieron hacerlo, pero nunca cumplieron, indic\u00f3 en alusi\u00f3n a reiteradas postergaciones de Estados Unidos para eliminar su arsenal.<\/p>\n<\/p>\n<p>Nosotros estamos abiertos a la cooperaci\u00f3n y dispuestos a participar en las investigaciones, declar\u00f3, en referencia al excoronel de la inteligencia militar rusa, quien fue hospitalizado junta a su hija, al ser hallados inconscientes en la ciudad inglesa de Salisbury.<\/p>\n<\/p>\n<p>Por otro lado, consider\u00f3 totalmente absurdo que alguien en Rusia se diera el lujo de perpetrar un acto como ese en v\u00edsperas de las presidenciales y el campeonato Mundial de F\u00fatbol de este verano.<\/p>\n<\/p>\n<p>A\u00fan as\u00ed estamos abierto al trabajo conjunto, apunt\u00f3.<\/p>\n<\/p>\n<p>Respecto a las acciones para impedir el voto de los rusos en varias ciudades ucranianas, consider\u00f3 que era una desfachatez y una violaci\u00f3n de todas las normas internacionales reconocidas. Rusia no puede responder a nada de eso, admiti\u00f3.<\/p>\n<\/p>\n<p>Para nosotros, el pueblo ucraniano es un pueblo hermano y no vamos a introducir ning\u00fan tipo de limitaciones. Por el contrario, buscamos que ellos se sientan bien en Rusia, acot\u00f3.<\/p>\n<\/p>\n<p>Al reunirse con su equipo electoral, Putin afirm\u00f3 que es importante unir los esfuerzos de todas las personas, con independencia del candidato por el cual votaron, porque debemos resolver tareas dif\u00edciles y complejas y debemos resolverlas como siempre, sobre la marcha, estim\u00f3.<\/p>\n<\/p>\n<p>Nosotros necesitamos dar un salto cualitativo y lo podemos hacer, pues contamos con todas las condiciones necesarias. Debemos proponernos objetivos supranacionales, apunt\u00f3.<\/p>\n<\/p>\n<p>Siempre habr\u00e1 diferencias en las v\u00edas para resolver esos problemas, pero quisiera creer que en ese caso se trata de un esfuerzo sincero de alcanzar los m\u00e1ximos resultados en las condiciones en que vivimos y nos desarrollamos, afirm\u00f3.<\/p>\n<h6> 2018-03-18 21:39:20 <\/h6>\n<p><!--\n<link rel=\"stylesheet\" href=\"css\/bootstrap.min.css\">\n\n\n<ul class=\"pagination\">\n\t    \n\t\n\n<li >\n\t<a href='?page_no=11020'>Previous<\/a>\n\t<\/li>\n\n\n       \n    \n\n<li><a href='?page_no=1'>1<\/a><\/li>\n\n\n\n<li><a href='?page_no=2'>2<\/a><\/li>\n\n\n\n<li><a>...<\/a><\/li>\n\n\n\n<li><a href='?page_no=11019'>11019<\/a><\/li>\n\n\n\n<li><a href='?page_no=11020'>11020<\/a><\/li>\n\n\n\n<li class='active'><a>11021<\/a><\/li>\n\n\n\n<li><a href='?page_no=11022'>11022<\/a><\/li>\n\n\n\n<li><a href='?page_no=11023'>11023<\/a><\/li>\n\n\n\n<li><a>...<\/a><\/li>\n\n\n\n<li><a href='?page_no=51012'>51012<\/a><\/li>\n\n\n\n<li><a href='?page_no=51013'>51013<\/a><\/li>\n\n    \n\t\n\n<li >\n\t<a href='?page_no=11022'>Next<\/a>\n\t<\/li>\n\n\n    \n\n<li><a href='?page_no=51013'>Last &rsaquo;&rsaquo;<\/a><\/li>\n\n<\/ul>\n\n\n--><br \/>\n<\/body><\/p>\n","protected":false},"excerpt":{"rendered":"<p>Mosc\u00fa, 18 mar (PL) El presidente Vladimir Putin rechaz\u00f3 hoy las acusaciones en contra de Rusia sobre su supuesta implicaci\u00f3n en un ataque con armas qu\u00edmicas contra el doble agente Serguei Skripal y su hija Julia, en el Reino Unido. Lo que he o\u00eddo por los medios de informaci\u00f3n es que se trata de armas [&hellip;]<\/p>\n","protected":false},"author":3,"featured_media":0,"comment_status":"open","ping_status":"open","sticky":false,"template":"","format":"standard","meta":{"footnotes":""},"categories":[23],"tags":[],"class_list":["post-231407","post","type-post","status-publish","format-standard","hentry","category-internacional"],"_links":{"self":[{"href":"https:\/\/diariodominicano.com\/index.php?rest_route=\/wp\/v2\/posts\/231407","targetHints":{"allow":["GET"]}}],"collection":[{"href":"https:\/\/diariodominicano.com\/index.php?rest_route=\/wp\/v2\/posts"}],"about":[{"href":"https:\/\/diariodominicano.com\/index.php?rest_route=\/wp\/v2\/types\/post"}],"author":[{"embeddable":true,"href":"https:\/\/diariodominicano.com\/index.php?rest_route=\/wp\/v2\/users\/3"}],"replies":[{"embeddable":true,"href":"https:\/\/diariodominicano.com\/index.php?rest_route=%2Fwp%2Fv2%2Fcomments&post=231407"}],"version-history":[{"count":0,"href":"https:\/\/diariodominicano.com\/index.php?rest_route=\/wp\/v2\/posts\/231407\/revisions"}],"wp:attachment":[{"href":"https:\/\/diariodominicano.com\/index.php?rest_route=%2Fwp%2Fv2%2Fmedia&parent=231407"}],"wp:term":[{"taxonomy":"category","embeddable":true,"href":"https:\/\/diariodominicano.com\/index.php?rest_route=%2Fwp%2Fv2%2Fcategories&post=231407"},{"taxonomy":"post_tag","embeddable":true,"href":"https:\/\/diariodominicano.com\/index.php?rest_route=%2Fwp%2Fv2%2Ftags&post=231407"}],"curies":[{"name":"wp","href":"https:\/\/api.w.org\/{rel}","templated":true}]}}