{"id":231404,"date":"2018-03-19T01:23:12","date_gmt":"2018-03-19T01:23:12","guid":{"rendered":"http:\/\/diariodominicano.ddns.net\/?p=231404"},"modified":"2018-03-19T01:23:12","modified_gmt":"2018-03-19T01:23:12","slug":"francia-inicia-semana-tensa-con-varias-huelgas-programadas","status":"publish","type":"post","link":"https:\/\/diariodominicano.com\/?p=231404","title":{"rendered":"Francia inicia semana tensa con varias huelgas programadas"},"content":{"rendered":"<p><body><\/p>\n<p><strong>Par\u00eds, 19 mar (PL)<\/strong> Francia inicia hoy una semana que se augura tensa con varias huelgas programadas para expresar el rechazo a varios proyectos del gobierno, como la reforma ferroviaria y la supresi\u00f3n de miles de empleos en el sector p\u00fablico.<\/p>\n<\/p>\n<p>Para el jueves est\u00e1 previsto un paro nacional convocado por la Confederaci\u00f3n General del Trabajo (CGT) dirigido a manifestar la oposici\u00f3n a los cambios impulsados por el Ejecutivo en la Sociedad Nacional de Ferrocarriles (SNCF).<\/p>\n<\/p>\n<p>Mientras las autoridades afirman que la transformaci\u00f3n busca una mayor eficiencia en el sector, los trabajadores y sindicatos aseguran que ser\u00e1 el inicio de la destrucci\u00f3n de la SNCF, considerada hasta ahora un modelo del servicio p\u00fablico franc\u00e9s.<\/p>\n<\/p>\n<p>Entre los aspectos m\u00e1s criticados de la reforma se encuentran la trasformaci\u00f3n de la SNCF en una sociedad an\u00f3nima y la supresi\u00f3n del estatus de trabajador ferroviario, que hasta ahora garantizaba a los empleados determinadas ventajas salariales y sociales, como recompensa ante la dureza de esas labores.<\/p>\n<\/p>\n<p>En esa jornada tambi\u00e9n se expresar\u00e1 el rechazo al plan gubernamental de eliminar 120 mil puestos de trabajo en la funci\u00f3n p\u00fablica y de recortar 60 mil millones de euros del presupuesto destinado a este sector.<\/p>\n<\/p>\n<p>Sindicatos como CGT, Fuerza Obrera, FSU, Solidarios, entre otros, realizaron el llamado al paro en todo el territorio nacional, que se realizar\u00e1 de conjunto con la huelga de los ferroviarios.<\/p>\n<\/p>\n<p>Por otro lado, para el viernes est\u00e1 convocada una protesta de los trabajadores de la aerol\u00ednea Air France, en reclamo de un aumento de salarios.<\/p>\n<\/p>\n<p>El plan de la direcci\u00f3n de la compa\u00f1\u00eda es incrementar los sueldos en un uno por ciento, pero los empleados estiman justo un aumento del seis por ciento, teniendo en cuenta que las remuneraciones est\u00e1n congeladas desde 2011 a causa de la crisis.<\/p>\n<\/p>\n<p>El paro tendr\u00e1 lugar un mes despu\u00e9s de otra jornada de manifestaci\u00f3n realizada en febrero, durante la cual Air France debi\u00f3 suspender el 50 por ciento de los vuelos de larga distancia, el 25 por ciento de los de media, y el 15 por ciento de los viajes cortos.<\/p>\n<\/p>\n<p>agp\/lmg<\/p>\n<h6> 2018-03-19 01:23:12 <\/h6>\n<p><!--\n<link rel=\"stylesheet\" href=\"css\/bootstrap.min.css\">\n\n\n<ul class=\"pagination\">\n\t    \n\t\n\n<li >\n\t<a href='?page_no=11018'>Previous<\/a>\n\t<\/li>\n\n\n       \n    \n\n<li><a href='?page_no=1'>1<\/a><\/li>\n\n\n\n<li><a href='?page_no=2'>2<\/a><\/li>\n\n\n\n<li><a>...<\/a><\/li>\n\n\n\n<li><a href='?page_no=11017'>11017<\/a><\/li>\n\n\n\n<li><a href='?page_no=11018'>11018<\/a><\/li>\n\n\n\n<li class='active'><a>11019<\/a><\/li>\n\n\n\n<li><a href='?page_no=11020'>11020<\/a><\/li>\n\n\n\n<li><a href='?page_no=11021'>11021<\/a><\/li>\n\n\n\n<li><a>...<\/a><\/li>\n\n\n\n<li><a href='?page_no=51012'>51012<\/a><\/li>\n\n\n\n<li><a href='?page_no=51013'>51013<\/a><\/li>\n\n    \n\t\n\n<li >\n\t<a href='?page_no=11020'>Next<\/a>\n\t<\/li>\n\n\n    \n\n<li><a href='?page_no=51013'>Last &rsaquo;&rsaquo;<\/a><\/li>\n\n<\/ul>\n\n\n--><br \/>\n<\/body><\/p>\n","protected":false},"excerpt":{"rendered":"<p>Par\u00eds, 19 mar (PL) Francia inicia hoy una semana que se augura tensa con varias huelgas programadas para expresar el rechazo a varios proyectos del gobierno, como la reforma ferroviaria y la supresi\u00f3n de miles de empleos en el sector p\u00fablico. Para el jueves est\u00e1 previsto un paro nacional convocado por la Confederaci\u00f3n General del [&hellip;]<\/p>\n","protected":false},"author":3,"featured_media":0,"comment_status":"open","ping_status":"open","sticky":false,"template":"","format":"standard","meta":{"footnotes":""},"categories":[23],"tags":[],"class_list":["post-231404","post","type-post","status-publish","format-standard","hentry","category-internacional"],"_links":{"self":[{"href":"https:\/\/diariodominicano.com\/index.php?rest_route=\/wp\/v2\/posts\/231404","targetHints":{"allow":["GET"]}}],"collection":[{"href":"https:\/\/diariodominicano.com\/index.php?rest_route=\/wp\/v2\/posts"}],"about":[{"href":"https:\/\/diariodominicano.com\/index.php?rest_route=\/wp\/v2\/types\/post"}],"author":[{"embeddable":true,"href":"https:\/\/diariodominicano.com\/index.php?rest_route=\/wp\/v2\/users\/3"}],"replies":[{"embeddable":true,"href":"https:\/\/diariodominicano.com\/index.php?rest_route=%2Fwp%2Fv2%2Fcomments&post=231404"}],"version-history":[{"count":0,"href":"https:\/\/diariodominicano.com\/index.php?rest_route=\/wp\/v2\/posts\/231404\/revisions"}],"wp:attachment":[{"href":"https:\/\/diariodominicano.com\/index.php?rest_route=%2Fwp%2Fv2%2Fmedia&parent=231404"}],"wp:term":[{"taxonomy":"category","embeddable":true,"href":"https:\/\/diariodominicano.com\/index.php?rest_route=%2Fwp%2Fv2%2Fcategories&post=231404"},{"taxonomy":"post_tag","embeddable":true,"href":"https:\/\/diariodominicano.com\/index.php?rest_route=%2Fwp%2Fv2%2Ftags&post=231404"}],"curies":[{"name":"wp","href":"https:\/\/api.w.org\/{rel}","templated":true}]}}