{"id":231403,"date":"2018-03-19T01:27:19","date_gmt":"2018-03-19T01:27:19","guid":{"rendered":"http:\/\/diariodominicano.ddns.net\/?p=231403"},"modified":"2018-03-19T01:27:19","modified_gmt":"2018-03-19T01:27:19","slug":"venezuela-prepara-su-mas-poderosa-fuerza-para-rechazar-agresion","status":"publish","type":"post","link":"https:\/\/diariodominicano.com\/?p=231403","title":{"rendered":"Venezuela prepara su m\u00e1s poderosa fuerza para rechazar agresi\u00f3n"},"content":{"rendered":"<p><body><\/p>\n<p><img decoding=\"async\" src=\"img3\/vene-milicia-poder.jpg\" \/>  <\/p>\n<p><strong> Caracas, 18 mar (PL)<\/strong> El gobierno de Venezuela prepara su m\u00e1s poderosa y temida fuerza para rechazar una agresi\u00f3n contra el pa\u00eds, la milicia, destac\u00f3 hoy el ministro de Defensa, Vladimir Padrino L\u00f3pez.<\/p>\n<\/p>\n<p>Integrada por m\u00e1s de 300 mil efectivos, la milicia bolivariana, desplegada en todo el pa\u00eds es uno de los grupos m\u00e1s temido por oficiales del Comando Sur estadounidense a quienes preocupa empantanarse si deciden agredir a la patria de Bol\u00edvar, seg\u00fan comentarios de analistas de esa fuerza del Pent\u00e1gono.<\/p>\n<\/p>\n<p>En uni\u00f3n c\u00edvico militar, la Milicia Nacional Bolivariana se prepara para fortalecer el sistema de defensa popular por la paz, destac\u00f3 Padrino L\u00f3pez en un mensaje en Twitter.<\/p>\n<\/p>\n<p>&#8216;No son soldados, no son fuerzas especiales, no son cadetes; son hombres y mujeres del pueblo que aman a su patria y est\u00e1n dispuestos a darlo todo por defenderla: Son MILICIANOS, complementando a la FANB (Fuerza Armada Nacional Bolivariana)en el a\u00f1o del fortalecimiento del Sistema Defensivo Popular para La Paz&#8217;, puntualiz\u00f3 el titular.<\/p>\n<\/p>\n<p>Padrino L\u00f3pez mostr\u00f3 en la red social un v\u00eddeo de los milicianos realizando ejercicios militares.<\/p>\n<\/p>\n<p>En diciembre de 2017, el presidente Nicol\u00e1s Maduro, orden\u00f3 la expansi\u00f3n del referido componente, e instruy\u00f3 al vicepresidente Tareck El Aissami a coordinar conjuntamente con la FANB, los gobernadores y alcaldes la ejecuci\u00f3n de los planes de defensa integral del pa\u00eds.<\/p>\n<\/p>\n<p>&#8216;Estas instancias tienen que ir del estado al municipio, y del municipio a las comunas. Un sistema perfecto de garant\u00eda y defensa de la paz, de la independencia y de derecho al desarrollo del pa\u00eds&#8217;, subray\u00f3 en esa oportunidad <\/p>\n<\/p>\n<p>Al respecto, comentaristas pol\u00edticos destacan la importancia de la poblaci\u00f3n civil para la defensa, sobre todo si se tiene en cuenta que los integrantes de la Milicia, equipados con el fusil autom\u00e1tico ligero FN-FAL, de fabricaci\u00f3n belga en su gran mayor\u00eda, y con el fusil ruso Mosin-Nagant M91\/30, en el caso de las milicias campesinas-, ser\u00edan un fuerte escollo para los marines estadounidenses y sus aliados.<\/p>\n<\/p>\n<p>ga\/lb<\/p>\n<h6> 2018-03-19 01:27:19 <\/h6>\n<p><!--\n<link rel=\"stylesheet\" href=\"css\/bootstrap.min.css\">\n\n\n<ul class=\"pagination\">\n\t    \n\t\n\n<li >\n\t<a href='?page_no=11017'>Previous<\/a>\n\t<\/li>\n\n\n       \n    \n\n<li><a href='?page_no=1'>1<\/a><\/li>\n\n\n\n<li><a href='?page_no=2'>2<\/a><\/li>\n\n\n\n<li><a>...<\/a><\/li>\n\n\n\n<li><a href='?page_no=11016'>11016<\/a><\/li>\n\n\n\n<li><a href='?page_no=11017'>11017<\/a><\/li>\n\n\n\n<li class='active'><a>11018<\/a><\/li>\n\n\n\n<li><a href='?page_no=11019'>11019<\/a><\/li>\n\n\n\n<li><a href='?page_no=11020'>11020<\/a><\/li>\n\n\n\n<li><a>...<\/a><\/li>\n\n\n\n<li><a href='?page_no=51012'>51012<\/a><\/li>\n\n\n\n<li><a href='?page_no=51013'>51013<\/a><\/li>\n\n    \n\t\n\n<li >\n\t<a href='?page_no=11019'>Next<\/a>\n\t<\/li>\n\n\n    \n\n<li><a href='?page_no=51013'>Last &rsaquo;&rsaquo;<\/a><\/li>\n\n<\/ul>\n\n\n--><br \/>\n<\/body><\/p>\n","protected":false},"excerpt":{"rendered":"<p>Caracas, 18 mar (PL) El gobierno de Venezuela prepara su m\u00e1s poderosa y temida fuerza para rechazar una agresi\u00f3n contra el pa\u00eds, la milicia, destac\u00f3 hoy el ministro de Defensa, Vladimir Padrino L\u00f3pez. Integrada por m\u00e1s de 300 mil efectivos, la milicia bolivariana, desplegada en todo el pa\u00eds es uno de los grupos m\u00e1s temido [&hellip;]<\/p>\n","protected":false},"author":3,"featured_media":0,"comment_status":"open","ping_status":"open","sticky":false,"template":"","format":"standard","meta":{"footnotes":""},"categories":[23],"tags":[],"class_list":["post-231403","post","type-post","status-publish","format-standard","hentry","category-internacional"],"_links":{"self":[{"href":"https:\/\/diariodominicano.com\/index.php?rest_route=\/wp\/v2\/posts\/231403","targetHints":{"allow":["GET"]}}],"collection":[{"href":"https:\/\/diariodominicano.com\/index.php?rest_route=\/wp\/v2\/posts"}],"about":[{"href":"https:\/\/diariodominicano.com\/index.php?rest_route=\/wp\/v2\/types\/post"}],"author":[{"embeddable":true,"href":"https:\/\/diariodominicano.com\/index.php?rest_route=\/wp\/v2\/users\/3"}],"replies":[{"embeddable":true,"href":"https:\/\/diariodominicano.com\/index.php?rest_route=%2Fwp%2Fv2%2Fcomments&post=231403"}],"version-history":[{"count":0,"href":"https:\/\/diariodominicano.com\/index.php?rest_route=\/wp\/v2\/posts\/231403\/revisions"}],"wp:attachment":[{"href":"https:\/\/diariodominicano.com\/index.php?rest_route=%2Fwp%2Fv2%2Fmedia&parent=231403"}],"wp:term":[{"taxonomy":"category","embeddable":true,"href":"https:\/\/diariodominicano.com\/index.php?rest_route=%2Fwp%2Fv2%2Fcategories&post=231403"},{"taxonomy":"post_tag","embeddable":true,"href":"https:\/\/diariodominicano.com\/index.php?rest_route=%2Fwp%2Fv2%2Ftags&post=231403"}],"curies":[{"name":"wp","href":"https:\/\/api.w.org\/{rel}","templated":true}]}}