{"id":231402,"date":"2018-03-19T08:41:54","date_gmt":"2018-03-19T08:41:54","guid":{"rendered":"http:\/\/diariodominicano.ddns.net\/?p=231402"},"modified":"2018-03-19T08:41:54","modified_gmt":"2018-03-19T08:41:54","slug":"papa-francisco-la-explotacion-sexual-es-un-crimen-contra-la-humanidad","status":"publish","type":"post","link":"https:\/\/diariodominicano.com\/?p=231402","title":{"rendered":"Papa Francisco: La explotaci\u00f3n sexual es un crimen contra la humanidad"},"content":{"rendered":"<p><body><\/p>\n<p><img decoding=\"async\" src=\"img3\/PapayDanielIbanez.jpg\" \/>  <\/p>\n<p><span class=\"text1noticias\">Redacci\u00f3n ACI Prensa<\/span><\/p>\n<p><span class=\"text1noticias\">Vaticano, 19 de de marzo, 2018.- \u00abLa explotaci\u00f3n sexual es un crimen contra la humanidad\u00bb. As\u00ed de claro fue el Papa Francisco al condenar la trata de mujeres. Adem\u00e1s, pidi\u00f3 perd\u00f3n por la complicidad de algunos cat\u00f3licos en esta esclavitud: \u00abSon unos criminales\u00bb.<\/span><\/p>\n<p><span class=\"text1noticias\"> <\/span><\/p>\n<p><span class=\"text1noticias\">El Santo Padre realiz\u00f3 esta afirmaci\u00f3n en sus respuestas a algunas preguntas de los j\u00f3venes que participan, desde este lunes 19 de marzo, en la reuni\u00f3n pre-sinodal del S\u00ednodo de los Obispos sobre los j\u00f3venes que se celebrar\u00e1 en el pr\u00f3ximo mes de octubre.<\/span><\/p>\n<p><span class=\"text1noticias\"> <\/span><\/p>\n<p><span class=\"text1noticias\">En un di\u00e1logo abierto y cercano, el Santo Padre contest\u00f3 a las inquietudes que le presentaron diferentes j\u00f3venes, y que versaron sobre la lacra de la trata de personas, el discernimiento vocacional, la educaci\u00f3n, el sacerdocio y la vida consagrada<\/span><\/p>\n<p><span class=\"text1noticias\"> <\/span><\/p>\n<p><span class=\"text1noticias\">V\u00edctimas de la trata<\/span><\/p>\n<p><span class=\"text1noticias\"> <\/span><\/p>\n<p><span class=\"text1noticias\">La primera pregunta se la plante\u00f3 una mujer nigeriana v\u00edctima de la trata de personas y de la explotaci\u00f3n sexual. Francisco mostr\u00f3 su horror por esta realidad, por esta \u00abesclavitud de hoy\u00bb.<\/span><\/p>\n<p><span class=\"text1noticias\"> <\/span><\/p>\n<p><span class=\"text1noticias\">Cont\u00f3 c\u00f3mo en una visita a una casa de acogida de mujeres que hab\u00edan sido liberadas le narraban c\u00f3mo eran sometidas a torturas, amenazas y violencia si intentaban resistirse. Muchas vienen de \u00c1frica o de Europa del Este enga\u00f1adas con una falsa oferta de empleo.<\/span><\/p>\n<p><span class=\"text1noticias\"> <\/span><\/p>\n<p><span class=\"text1noticias\">Adem\u00e1s, reflej\u00f3 su esc\u00e1ndalo por el hecho de que muchas de las personas que explotan a estas mujeres o acuden como \u00abclientes\u00bb, son personas bautizadas. \u00abCreo que aqu\u00ed en Italia, el 90% de los ?clientes? son bautizados, son cat\u00f3licos. Y pienso en el asco que deben sentir estas mujeres cuando estos hombres les hacen hacer cualquier cosa\u00bb.<\/span><\/p>\n<p><span class=\"text1noticias\"> <\/span><\/p>\n<p><span class=\"text1noticias\">El Papa fue muy claro y asegur\u00f3 que la esclavitud sexual \u00abes un crimen contra la humanidad, un delito contra la humanidad, y nace de una mentalidad enferma\u00bb.<\/span><\/p>\n<p><span class=\"text1noticias\"> <\/span><\/p>\n<p><span class=\"text1noticias\">Se trata de \u00abun problema grave. Si un joven tiene esta costumbre, es un criminal. Quien hace esto es un criminal. Esto no es hacer el amor, esto es torturar a una mujer\u00bb. Finalmente, el Papa pidi\u00f3 perd\u00f3n a las v\u00edctimas y a toda la sociedad \u00abpor los cat\u00f3licos que participan en este acto criminal\u00bb.<\/span><\/p>\n<p><span class=\"text1noticias\"> <\/span><\/p>\n<p><span class=\"text1noticias\">Discernimiento<\/span><\/p>\n<p><span class=\"text1noticias\"> <\/span><\/p>\n<p><span class=\"text1noticias\">En respuesta a otra pregunta de un joven estudiante franc\u00e9s no bautizado que asegur\u00f3 encontrarse en un momento de discernimiento para descubrir su vocaci\u00f3n en la vida, el Santo Padre asegur\u00f3 que con solo plantearse la pregunta ya hab\u00eda dado un gran paso.<\/span><\/p>\n<p><span class=\"text1noticias\"> <\/span><\/p>\n<p><span class=\"text1noticias\">Francisco asegur\u00f3 que \u00abtodos nosotros tenemos necesidad de discernimiento\u00bb. En este sentido, lament\u00f3 que \u00abmuchas comunidades eclesiales no saben hacerlo, y falta esa capacidad de discernimiento\u00bb.<\/span><\/p>\n<p><span class=\"text1noticias\"> <\/span><\/p>\n<p><span class=\"text1noticias\">\u00abEn la vida, siempre hace falta, en primer lugar, tener la valent\u00eda de hablar las cosas que tienes. Pero no todas las cosas se pueden hablar con todo el mundo, busca a alguien con quien tengas confianza. Alguien que no se asuste de nada, que sepa escuchar, y que tenga el don del Se\u00f1or de decir la palabra justa en el momento justo, y deja que \u00e9l sea interpelado por tu inquietud, y d\u00e9jate interpelar por \u00e9l\u00bb.<\/span><\/p>\n<p><span class=\"text1noticias\"> <\/span><\/p>\n<p><span class=\"text1noticias\">Subray\u00f3 la importancia del discernimiento, porque \u00abcuando un joven no encuentra ese camino de discernimiento, no s\u00f3lo vocacional, de cualquier aspecto, se cerrar\u00e1 mal, y eso es provocar\u00e1 un tumor en el alma. Un peso que te quita la libertad. Es importarle abrirlo todo. No maquillar el sentimiento, no mimetizar el sentimiento\u00bb.<\/span><\/p>\n<p><span class=\"text1noticias\"> <\/span><\/p>\n<p><span class=\"text1noticias\">Y a\u00f1adi\u00f3 que \u00abel proceso de discernimiento dura toda la vida. Deja sacar fuera el sentimiento, no anestesiarlo, no disminuirlo\u00bb.<\/span><\/p>\n<p><span class=\"text1noticias\"> <\/span><\/p>\n<p><span class=\"text1noticias\">Educaci\u00f3n<\/span><\/p>\n<p><span class=\"text1noticias\"> <\/span><\/p>\n<p><span class=\"text1noticias\">La tercera pregunta la realiz\u00f3 una joven profesora argentina miembro de Scholas Occurrentes, que lament\u00f3 que en ocasiones se educa en verdades construidas desde la raz\u00f3n que debilitan el sentido de trascendencia.<\/span><\/p>\n<p><span class=\"text1noticias\"> <\/span><\/p>\n<p><span class=\"text1noticias\">El Santo Padre reconoci\u00f3 esa realidad y habl\u00f3 de \u00abestructuras escolares donde se crece mucho en conocimientos, pero donde se pierde la capacidad de asombrarse, la capacidad de estupor\u00bb.<\/span><\/p>\n<p><span class=\"text1noticias\"> <\/span><\/p>\n<p><span class=\"text1noticias\">Asegur\u00f3 que este problema \u00abes una herencia educativa del iluminismo, que hoy se la critica mucho. De hecho, la experiencia de Scholas lleg\u00f3 a revertir esta tendencia en muchos lugares\u00bb.<\/span><\/p>\n<p><span class=\"text1noticias\"> <\/span><\/p>\n<p><span class=\"text1noticias\">Frente a ese modelo de escuela herencia del iluminismo, el Papa propuso tres pautas. \u00abEn primer lugar, aprender a pensar bien, no solo aprender cosas, sino buscar con el pensamiento, hacer el lenguaje del coraz\u00f3n\u00bb.<\/span><\/p>\n<p><span class=\"text1noticias\"> <\/span><\/p>\n<p><span class=\"text1noticias\">\u00abEn segundo lugar, el lenguaje del coraz\u00f3n, aprender a sentir bien. Ah\u00ed est\u00e1 el problema del bullying, que es un problema de no saber sentir bien. Educar el sentimiento, y esto no es tan com\u00fan en las escuelas herederas del iluminismo. En tercer lugar, el lenguaje de las manos, hacer, ser artesanos y creadores\u00bb.<\/span><\/p>\n<p><span class=\"text1noticias\"> <\/span><\/p>\n<p><span class=\"text1noticias\">Preparaci\u00f3n para el sacerdocio<\/span><\/p>\n<p><span class=\"text1noticias\"> <\/span><\/p>\n<p><span class=\"text1noticias\">La cuarta pregunta al Papa la formul\u00f3 un joven seminarista ucraniano. En su respuesta, Francisco afirm\u00f3 que el sacerdote debe ser testigo de Cristo, porque \u00abel sacerdote que no es testigo de Cristo, hace mucho mal. Se equivoca, desorienta a la gente&#8230;, hace mal\u00bb.<\/span><\/p>\n<p><span class=\"text1noticias\"> <\/span><\/p>\n<p><span class=\"text1noticias\">En este sentido, subray\u00f3 la importancia de que el sacerdote de testimonio en una comunidad que tambi\u00e9n de testimonio, porque \u00abde lo contrario, el sacerdote estar\u00e1 afectivamente solo en una comunidad que no lo acompa\u00f1a, que s\u00f3lo lo quiere como sacerdote funcional\u00bb.<\/span><\/p>\n<p><span class=\"text1noticias\"> <\/span><\/p>\n<p><span class=\"text1noticias\">En la \u00faltima pregunta, formulada por una religiosa de origen chino, el Pont\u00edfice explic\u00f3 que \u00abla verdadera formaci\u00f3n religiosa en la vida consagrada debe tener cuatro pilares: formaci\u00f3n en la vida espiritual, formaci\u00f3n en la vida intelectual, formaci\u00f3n en la vida comunitaria y formaci\u00f3n en la vida apost\u00f3lica\u00bb.<\/span><\/p>\n<p><span class=\"text1noticias\"> <\/span><\/p>\n<p><span class=\"text1noticias\">Y afirm\u00f3 que \u00abesto tambi\u00e9n es v\u00e1lido para los laicos. Es importante educar en toda la potencialidad sin anular, sin sobre<\/span>-proteger, porque uno se convierte en psicol\u00f3gicamente inmaduro\u00bb.<\/p>\n<h6> 2018-03-19 08:41:54 <\/h6>\n<p><!--\n<link rel=\"stylesheet\" href=\"css\/bootstrap.min.css\">\n\n\n<ul class=\"pagination\">\n\t    \n\t\n\n<li >\n\t<a href='?page_no=11016'>Previous<\/a>\n\t<\/li>\n\n\n       \n    \n\n<li><a href='?page_no=1'>1<\/a><\/li>\n\n\n\n<li><a href='?page_no=2'>2<\/a><\/li>\n\n\n\n<li><a>...<\/a><\/li>\n\n\n\n<li><a href='?page_no=11015'>11015<\/a><\/li>\n\n\n\n<li><a href='?page_no=11016'>11016<\/a><\/li>\n\n\n\n<li class='active'><a>11017<\/a><\/li>\n\n\n\n<li><a href='?page_no=11018'>11018<\/a><\/li>\n\n\n\n<li><a href='?page_no=11019'>11019<\/a><\/li>\n\n\n\n<li><a>...<\/a><\/li>\n\n\n\n<li><a href='?page_no=51012'>51012<\/a><\/li>\n\n\n\n<li><a href='?page_no=51013'>51013<\/a><\/li>\n\n    \n\t\n\n<li >\n\t<a href='?page_no=11018'>Next<\/a>\n\t<\/li>\n\n\n    \n\n<li><a href='?page_no=51013'>Last &rsaquo;&rsaquo;<\/a><\/li>\n\n<\/ul>\n\n\n--><br \/>\n<\/body><\/p>\n","protected":false},"excerpt":{"rendered":"<p>Redacci\u00f3n ACI Prensa Vaticano, 19 de de marzo, 2018.- \u00abLa explotaci\u00f3n sexual es un crimen contra la humanidad\u00bb. As\u00ed de claro fue el Papa Francisco al condenar la trata de mujeres. Adem\u00e1s, pidi\u00f3 perd\u00f3n por la complicidad de algunos cat\u00f3licos en esta esclavitud: \u00abSon unos criminales\u00bb. El Santo Padre realiz\u00f3 esta afirmaci\u00f3n en sus respuestas [&hellip;]<\/p>\n","protected":false},"author":3,"featured_media":0,"comment_status":"open","ping_status":"open","sticky":false,"template":"","format":"standard","meta":{"footnotes":""},"categories":[23],"tags":[],"class_list":["post-231402","post","type-post","status-publish","format-standard","hentry","category-internacional"],"_links":{"self":[{"href":"https:\/\/diariodominicano.com\/index.php?rest_route=\/wp\/v2\/posts\/231402","targetHints":{"allow":["GET"]}}],"collection":[{"href":"https:\/\/diariodominicano.com\/index.php?rest_route=\/wp\/v2\/posts"}],"about":[{"href":"https:\/\/diariodominicano.com\/index.php?rest_route=\/wp\/v2\/types\/post"}],"author":[{"embeddable":true,"href":"https:\/\/diariodominicano.com\/index.php?rest_route=\/wp\/v2\/users\/3"}],"replies":[{"embeddable":true,"href":"https:\/\/diariodominicano.com\/index.php?rest_route=%2Fwp%2Fv2%2Fcomments&post=231402"}],"version-history":[{"count":0,"href":"https:\/\/diariodominicano.com\/index.php?rest_route=\/wp\/v2\/posts\/231402\/revisions"}],"wp:attachment":[{"href":"https:\/\/diariodominicano.com\/index.php?rest_route=%2Fwp%2Fv2%2Fmedia&parent=231402"}],"wp:term":[{"taxonomy":"category","embeddable":true,"href":"https:\/\/diariodominicano.com\/index.php?rest_route=%2Fwp%2Fv2%2Fcategories&post=231402"},{"taxonomy":"post_tag","embeddable":true,"href":"https:\/\/diariodominicano.com\/index.php?rest_route=%2Fwp%2Fv2%2Ftags&post=231402"}],"curies":[{"name":"wp","href":"https:\/\/api.w.org\/{rel}","templated":true}]}}