{"id":231397,"date":"2018-03-19T12:41:08","date_gmt":"2018-03-19T12:41:08","guid":{"rendered":"http:\/\/diariodominicano.ddns.net\/?p=231397"},"modified":"2018-03-19T12:41:08","modified_gmt":"2018-03-19T12:41:08","slug":"ministra-afirma-que-costa-rica-debe-estar-de-luto-por-los-femicidios","status":"publish","type":"post","link":"https:\/\/diariodominicano.com\/?p=231397","title":{"rendered":"Ministra afirma que Costa Rica debe estar de luto por los femicidios"},"content":{"rendered":"<p><body><\/p>\n<p><img decoding=\"async\" src=\"img3\/cr-Inamu-Alejandra-Mora.jpg\" \/>  <\/p>\n<p><strong> San Jos\u00e9, 19 mar (PL<\/strong>) La presidenta ejecutiva del Instituto Nacional de la Mujer (Inamu), Alejandra Mora, afirm\u00f3 que Costa Rica debe estar hoy de luto por los 12 femicidios registrados en lo corrido del a\u00f1o.<\/p>\n<\/p>\n<p>&#8216;Una mujer m\u00e1s nos falta en nuestra sociedad, una mujer que muri\u00f3 en manos de su compa\u00f1ero. Son cinco mujeres en los \u00faltimos 10 d\u00edas. Esto hace muchos a\u00f1os no pasaba en nuestro pa\u00eds. Debemos hacer una profunda reflexi\u00f3n sobre lo que est\u00e1 pasando&#8217;, asegur\u00f3 Mora, al comentar el asesinato de una joven de 20 a\u00f1os en la provincia de Lim\u00f3n.<\/p>\n<\/p>\n<p>En Siquirres de Lim\u00f3n este domingo un hombre mat\u00f3 a su expareja, con el cual suman 12 los femicidios reportados durante 2018, por lo cual la tambi\u00e9n ministra de la Mujer apunt\u00f3 que &#8216;el pa\u00eds debe estar de luto&#8217;.<\/p>\n<\/p>\n<p>Mora se\u00f1al\u00f3 que el ensa\u00f1amiento, la forma de ejecutar los asesinatos frente a terceras personas, incluidos miembros de la familia, resulta muy preocupante.<\/p>\n<\/p>\n<p>&#8216;Cada vez m\u00e1s son mujeres j\u00f3venes quienes mueren y son adem\u00e1s los perpetradores hombres j\u00f3venes. Muchas de las muchachas que han muerto ten\u00edan otras formas de violencia. Algunas han tenido hijos antes de los 15 a\u00f1os y entonces estaban ya inmersas en una suerte de espiral de violencia&#8217;, indic\u00f3 Mora.<\/p>\n<\/p>\n<p>Citada por el informativo digital crhoy.com, la ministra destac\u00f3 la importancia de contribuir con elementos simb\u00f3licos, que reconozcan que la violencia contra las mujeres existe, que es un drama humano, al tiempo que solicit\u00f3 no contribuir con discursos de odio contra los derechos humanos y que desvalorizan el trabajo del Inamu.<\/p>\n<\/p>\n<p>Asever\u00f3 que su entidad ha alcanzado a miles de mujeres y estas miles de mujeres han logrado no llegar a la violencia extrema del femicidio, tanto en nuestras l\u00edneas de atenci\u00f3n como en nuestros albergues.<\/p>\n<\/p>\n<p>Mora inst\u00f3 a cada costarricense a preguntarse que puede hacer \u00e9l para ayudar desde el lugar en que est\u00e9 para tratar de que m\u00e1s mujeres no vivan en violencia y que no nos falte una mujer m\u00e1s en nuestro pa\u00eds.<\/p>\n<\/p>\n<p>La cantidad de femicidios de este a\u00f1o contrasta significativamente con lo reportado en 2016 y 2017 cuando en cada uno de esos a\u00f1os se registraron 26 asesinatos de mujeres por sus compa\u00f1eros o exparejas sentimentales.<\/p>\n<\/p>\n<p>mgt\/ale<\/p>\n<h6> 2018-03-19 12:41:08 <\/h6>\n<p><!--\n<link rel=\"stylesheet\" href=\"css\/bootstrap.min.css\">\n\n\n<ul class=\"pagination\">\n\t    \n\t\n\n<li >\n\t<a href='?page_no=11011'>Previous<\/a>\n\t<\/li>\n\n\n       \n    \n\n<li><a href='?page_no=1'>1<\/a><\/li>\n\n\n\n<li><a href='?page_no=2'>2<\/a><\/li>\n\n\n\n<li><a>...<\/a><\/li>\n\n\n\n<li><a href='?page_no=11010'>11010<\/a><\/li>\n\n\n\n<li><a href='?page_no=11011'>11011<\/a><\/li>\n\n\n\n<li class='active'><a>11012<\/a><\/li>\n\n\n\n<li><a href='?page_no=11013'>11013<\/a><\/li>\n\n\n\n<li><a href='?page_no=11014'>11014<\/a><\/li>\n\n\n\n<li><a>...<\/a><\/li>\n\n\n\n<li><a href='?page_no=51012'>51012<\/a><\/li>\n\n\n\n<li><a href='?page_no=51013'>51013<\/a><\/li>\n\n    \n\t\n\n<li >\n\t<a href='?page_no=11013'>Next<\/a>\n\t<\/li>\n\n\n    \n\n<li><a href='?page_no=51013'>Last &rsaquo;&rsaquo;<\/a><\/li>\n\n<\/ul>\n\n\n--><br \/>\n<\/body><\/p>\n","protected":false},"excerpt":{"rendered":"<p>San Jos\u00e9, 19 mar (PL) La presidenta ejecutiva del Instituto Nacional de la Mujer (Inamu), Alejandra Mora, afirm\u00f3 que Costa Rica debe estar hoy de luto por los 12 femicidios registrados en lo corrido del a\u00f1o. &#8216;Una mujer m\u00e1s nos falta en nuestra sociedad, una mujer que muri\u00f3 en manos de su compa\u00f1ero. Son cinco [&hellip;]<\/p>\n","protected":false},"author":3,"featured_media":0,"comment_status":"open","ping_status":"open","sticky":false,"template":"","format":"standard","meta":{"footnotes":""},"categories":[23],"tags":[],"class_list":["post-231397","post","type-post","status-publish","format-standard","hentry","category-internacional"],"_links":{"self":[{"href":"https:\/\/diariodominicano.com\/index.php?rest_route=\/wp\/v2\/posts\/231397","targetHints":{"allow":["GET"]}}],"collection":[{"href":"https:\/\/diariodominicano.com\/index.php?rest_route=\/wp\/v2\/posts"}],"about":[{"href":"https:\/\/diariodominicano.com\/index.php?rest_route=\/wp\/v2\/types\/post"}],"author":[{"embeddable":true,"href":"https:\/\/diariodominicano.com\/index.php?rest_route=\/wp\/v2\/users\/3"}],"replies":[{"embeddable":true,"href":"https:\/\/diariodominicano.com\/index.php?rest_route=%2Fwp%2Fv2%2Fcomments&post=231397"}],"version-history":[{"count":0,"href":"https:\/\/diariodominicano.com\/index.php?rest_route=\/wp\/v2\/posts\/231397\/revisions"}],"wp:attachment":[{"href":"https:\/\/diariodominicano.com\/index.php?rest_route=%2Fwp%2Fv2%2Fmedia&parent=231397"}],"wp:term":[{"taxonomy":"category","embeddable":true,"href":"https:\/\/diariodominicano.com\/index.php?rest_route=%2Fwp%2Fv2%2Fcategories&post=231397"},{"taxonomy":"post_tag","embeddable":true,"href":"https:\/\/diariodominicano.com\/index.php?rest_route=%2Fwp%2Fv2%2Ftags&post=231397"}],"curies":[{"name":"wp","href":"https:\/\/api.w.org\/{rel}","templated":true}]}}