{"id":231387,"date":"2018-03-19T21:09:06","date_gmt":"2018-03-19T21:09:06","guid":{"rendered":"http:\/\/diariodominicano.ddns.net\/?p=231387"},"modified":"2018-03-19T21:09:06","modified_gmt":"2018-03-19T21:09:06","slug":"denuncia-venezuela-violacion-espacio-aereo-por-avion-militar-de-eeuu","status":"publish","type":"post","link":"https:\/\/diariodominicano.com\/?p=231387","title":{"rendered":"Denuncia Venezuela violaci\u00f3n espacio a\u00e9reo por avi\u00f3n militar de EEUU"},"content":{"rendered":"<p><body><\/p>\n<p><img decoding=\"async\" src=\"img3\/Padrino Lopez000.jpg\" \/>  <\/p>\n<\/p>\n<p><strong>   CARACAS, 19 mar (Xinhua) &#8212;<\/strong> El ministro venezolano de Defensa, Vladimir Padrino L\u00f3pez, denunci\u00f3 hoy la violaci\u00f3n del espacio a\u00e9reo nacional por parte de un avi\u00f3n de la Fuerza A\u00e9rea de Estados Unidos.<\/p>\n<\/p>\n<p>   Padrino L\u00f3pez dijo que la aeronave despeg\u00f3 el s\u00e1bado anterior de la isla de Curazao, en el Caribe, y sobrevol\u00f3 el archipi\u00e9lago de Los Monjes, ubicado al norte de Venezuela. <\/p>\n<\/p>\n<p>   \u00abEl d\u00eda s\u00e1bado fue detectada una aeronave Boeing C17, de la Fuerza A\u00e9rea de los Estados Unidos, que despeg\u00f3 de la base Hato en Curazao, inform\u00f3 a la regi\u00f3n del vuelo, pero ese avi\u00f3n de Estados Unidos viol\u00f3 el espacio a\u00e9reo venezolano\u00bb, se\u00f1al\u00f3.<\/p>\n<\/p>\n<p>   Subray\u00f3 que \u00e9sta es la segunda vez \u00aben menos de dos a\u00f1os\u00bb que Estados Unidos viola el espacio a\u00e9reo de Venezuela en el archipi\u00e9lago Los Monjes. <\/p>\n<\/p>\n<p>   En septiembre de 2016, Padrino L\u00f3pez tambi\u00e9n denunci\u00f3 que una aeronave estadounidense Tipo Dash-8 viol\u00f3 el espacio a\u00e9reo venezolano durante el desarrollo de la Cumbre de los Pa\u00edses no Alineados, que tuvo por sede el estado Nueva Esparta, en el norte de Venezuela. <\/p>\n<\/p>\n<p>   \u00abLe hacemos un llamado a las autoridades de Estados Unidos a respetar los procedimientos aeron\u00e1uticos internacionales\u00bb, se\u00f1al\u00f3 el funcionario desde el despliegue de la Misi\u00f3n Negro Primero, realizado este lunes en el Paseo Los Pr\u00f3ceres, de Caracas.<\/p>\n<\/p>\n<p>   El ministro de Defensa tambi\u00e9n se refiri\u00f3 a la \u00abcohesi\u00f3n moral\u00bb de la Fuerza Armada venezolana, y en este sentido subray\u00f3 que a \u00abla Fuerza Armada Nacional Bolivariana no la divide nadie\u00bb.<\/p>\n<\/p>\n<p>   Rechaz\u00f3 tambi\u00e9n los llamados a golpe de Estado por parte de voceros de la oposici\u00f3n, y fustig\u00f3 a \u00abesos factores que siguen haciendo llamados a los integrantes de la Fuerza Armada para tomar partido; Dios nos libre de una guerra civil, estoy en completo desacuerdo con esos golpes de Estado\u00bb.<\/p>\n<\/p>\n<p>   Con relaci\u00f3n a la petici\u00f3n de abrir un canal humanitario en Venezuela, Padrino L\u00f3pez pidi\u00f3 comenzar \u00abpor desbloquear econ\u00f3mica y financieramente a Venezuela, por ah\u00ed es donde tienen que comenzar\u00bb.<\/p>\n<\/p>\n<p>   El ministro defendi\u00f3 las garant\u00edas electorales para el proceso comicial del 20 de mayo, y dijo que trabajan de manera conjunta con el Consejo Nacional Electoral (CNE) para garantizar la seguridad durante la jornada de votaci\u00f3n.<\/p>\n<\/p>\n<p>   \u00abLe digo al pueblo de Venezuela: si\u00e9ntanse seguros de ir a ejercer en plena libertad su derecho al sufragio (&#8230;) as\u00ed es como se hace en un pa\u00eds civilizado, no a trav\u00e9s de un golpe de Estado\u00bb, puntualiz\u00f3 el titular de Defensa. Fin<\/p>\n<h6> 2018-03-19 21:09:06 <\/h6>\n<p><!--\n<link rel=\"stylesheet\" href=\"css\/bootstrap.min.css\">\n\n\n<ul class=\"pagination\">\n\t    \n\t\n\n<li >\n\t<a href='?page_no=11002'>Previous<\/a>\n\t<\/li>\n\n\n       \n    \n\n<li><a href='?page_no=1'>1<\/a><\/li>\n\n\n\n<li><a href='?page_no=2'>2<\/a><\/li>\n\n\n\n<li><a>...<\/a><\/li>\n\n\n\n<li><a href='?page_no=11001'>11001<\/a><\/li>\n\n\n\n<li><a href='?page_no=11002'>11002<\/a><\/li>\n\n\n\n<li class='active'><a>11003<\/a><\/li>\n\n\n\n<li><a href='?page_no=11004'>11004<\/a><\/li>\n\n\n\n<li><a href='?page_no=11005'>11005<\/a><\/li>\n\n\n\n<li><a>...<\/a><\/li>\n\n\n\n<li><a href='?page_no=51012'>51012<\/a><\/li>\n\n\n\n<li><a href='?page_no=51013'>51013<\/a><\/li>\n\n    \n\t\n\n<li >\n\t<a href='?page_no=11004'>Next<\/a>\n\t<\/li>\n\n\n    \n\n<li><a href='?page_no=51013'>Last &rsaquo;&rsaquo;<\/a><\/li>\n\n<\/ul>\n\n\n--><br \/>\n<\/body><\/p>\n","protected":false},"excerpt":{"rendered":"<p>CARACAS, 19 mar (Xinhua) &#8212; El ministro venezolano de Defensa, Vladimir Padrino L\u00f3pez, denunci\u00f3 hoy la violaci\u00f3n del espacio a\u00e9reo nacional por parte de un avi\u00f3n de la Fuerza A\u00e9rea de Estados Unidos. Padrino L\u00f3pez dijo que la aeronave despeg\u00f3 el s\u00e1bado anterior de la isla de Curazao, en el Caribe, y sobrevol\u00f3 el archipi\u00e9lago [&hellip;]<\/p>\n","protected":false},"author":3,"featured_media":0,"comment_status":"open","ping_status":"open","sticky":false,"template":"","format":"standard","meta":{"footnotes":""},"categories":[23],"tags":[],"class_list":["post-231387","post","type-post","status-publish","format-standard","hentry","category-internacional"],"_links":{"self":[{"href":"https:\/\/diariodominicano.com\/index.php?rest_route=\/wp\/v2\/posts\/231387","targetHints":{"allow":["GET"]}}],"collection":[{"href":"https:\/\/diariodominicano.com\/index.php?rest_route=\/wp\/v2\/posts"}],"about":[{"href":"https:\/\/diariodominicano.com\/index.php?rest_route=\/wp\/v2\/types\/post"}],"author":[{"embeddable":true,"href":"https:\/\/diariodominicano.com\/index.php?rest_route=\/wp\/v2\/users\/3"}],"replies":[{"embeddable":true,"href":"https:\/\/diariodominicano.com\/index.php?rest_route=%2Fwp%2Fv2%2Fcomments&post=231387"}],"version-history":[{"count":0,"href":"https:\/\/diariodominicano.com\/index.php?rest_route=\/wp\/v2\/posts\/231387\/revisions"}],"wp:attachment":[{"href":"https:\/\/diariodominicano.com\/index.php?rest_route=%2Fwp%2Fv2%2Fmedia&parent=231387"}],"wp:term":[{"taxonomy":"category","embeddable":true,"href":"https:\/\/diariodominicano.com\/index.php?rest_route=%2Fwp%2Fv2%2Fcategories&post=231387"},{"taxonomy":"post_tag","embeddable":true,"href":"https:\/\/diariodominicano.com\/index.php?rest_route=%2Fwp%2Fv2%2Ftags&post=231387"}],"curies":[{"name":"wp","href":"https:\/\/api.w.org\/{rel}","templated":true}]}}