{"id":231386,"date":"2018-03-19T21:15:28","date_gmt":"2018-03-19T21:15:28","guid":{"rendered":"http:\/\/diariodominicano.ddns.net\/?p=231386"},"modified":"2018-03-19T21:15:28","modified_gmt":"2018-03-19T21:15:28","slug":"ue-y-reino-unido-alcanzan-acuerdo-de-transicion-tras-brexit","status":"publish","type":"post","link":"https:\/\/diariodominicano.com\/?p=231386","title":{"rendered":"&#13;UE y Reino Unido alcanzan acuerdo de transici\u00f3n tras \u00abbrexit\u00bb"},"content":{"rendered":"<p><body><\/p>\n<\/p>\n<p>   BRUSELAS, 19 mar (Xinhua) &#8212; La Uni\u00f3n Europea (UE) y Reino Unido alcanzaron hoy un acuerdo de transici\u00f3n tras el \u00abbrexit\u00bb, que se espera sea firmado por los l\u00edderes durante la Cumbre de la UE el viernes.<\/p>\n<\/p>\n<p>   \u00abUn buen acuerdo para la UE y Reino Unido est\u00e1 m\u00e1s cerca que nunca antes\u00bb, declar\u00f3 el secretario brit\u00e1nico para el \u00abbrexit\u00bb, David Davis, durante una conferencia de prensa conjunta con su hom\u00f3logo de la UE, Michel Barnier.<\/p>\n<\/p>\n<p>   Sin embargo, \u00abel periodo de transici\u00f3n s\u00f3lo llegar\u00e1 despu\u00e9s de que todo est\u00e9 acordado\u00bb, dijo Barnier, negociador en jefe del \u00abbrexit\u00bb de parte de la UE.<\/p>\n<\/p>\n<p>   Barnier y Davis elogiaron el acuerdo como un \u00abpaso decisivo\u00bb y dijeron que alcanzaron acuerdo sobre \u00abuna gran parte\u00bb de los t\u00e9rminos para un acuerdo de transici\u00f3n, pero que a\u00fan deben resolverse algunas cuestiones, incluida la frontera de Irlanda del Norte.<\/p>\n<\/p>\n<p>   Reino Unido estuvo de acuerdo con una pol\u00e9mica \u00absoluci\u00f3n de respaldo\u00bb, que mantendr\u00eda a Irlanda del Norte suscrita a las reglas de la UE con el fin de evitar una \u00abfrontera dura\u00bb con la Rep\u00fablica de Irlanda, dice el acuerdo.<\/p>\n<\/p>\n<p>   Los ciudadanos de la UE27 que lleguen a Reino Unido durante el periodo de transici\u00f3n tendr\u00e1n los mismos derechos que los ciudadanos que lleguen antes del \u00abbrexit\u00bb, estipula el acuerdo.<\/p>\n<\/p>\n<p>   Reino Unido permanecer\u00e1 en el mercado \u00fanico y en la uni\u00f3n aduanera durante 20 meses despu\u00e9s de que salga de la UE en marzo de 2019 y podr\u00e1 firmar nuevos tratados de libre comercio durante la transici\u00f3n, pero no entrar\u00e1n en vigor sino hasta despu\u00e9s de concluido el periodo, agrega.<\/p>\n<\/p>\n<p>   Adem\u00e1s, cualquier acuerdo alcanzado en la cumbre esta semana ser\u00e1 un compromiso pol\u00edtico, no obligatorio legalmente hasta que se firme el acuerdo de retiro final a principios del a\u00f1o pr\u00f3ximo, informaron algunos medios locales.<\/p>\n<\/p>\n<p>   La primera ministra brit\u00e1nica, Theresa May, envi\u00f3 a fines de marzo del a\u00f1o pasado una carta de notificaci\u00f3n a la UE, con lo que se activ\u00f3 la cuenta regresiva de dos a\u00f1os para el retiro brit\u00e1nico del bloque despu\u00e9s de 44 a\u00f1os de pertenencia. Fin<\/p>\n<\/p>\n<h6> 2018-03-19 21:15:28 <\/h6>\n<p><!--\n<link rel=\"stylesheet\" href=\"css\/bootstrap.min.css\">\n\n\n<ul class=\"pagination\">\n\t    \n\t\n\n<li >\n\t<a href='?page_no=11001'>Previous<\/a>\n\t<\/li>\n\n\n       \n    \n\n<li><a href='?page_no=1'>1<\/a><\/li>\n\n\n\n<li><a href='?page_no=2'>2<\/a><\/li>\n\n\n\n<li><a>...<\/a><\/li>\n\n\n\n<li><a href='?page_no=11000'>11000<\/a><\/li>\n\n\n\n<li><a href='?page_no=11001'>11001<\/a><\/li>\n\n\n\n<li class='active'><a>11002<\/a><\/li>\n\n\n\n<li><a href='?page_no=11003'>11003<\/a><\/li>\n\n\n\n<li><a href='?page_no=11004'>11004<\/a><\/li>\n\n\n\n<li><a>...<\/a><\/li>\n\n\n\n<li><a href='?page_no=51012'>51012<\/a><\/li>\n\n\n\n<li><a href='?page_no=51013'>51013<\/a><\/li>\n\n    \n\t\n\n<li >\n\t<a href='?page_no=11003'>Next<\/a>\n\t<\/li>\n\n\n    \n\n<li><a href='?page_no=51013'>Last &rsaquo;&rsaquo;<\/a><\/li>\n\n<\/ul>\n\n\n--><br \/>\n<\/body><\/p>\n","protected":false},"excerpt":{"rendered":"<p>BRUSELAS, 19 mar (Xinhua) &#8212; La Uni\u00f3n Europea (UE) y Reino Unido alcanzaron hoy un acuerdo de transici\u00f3n tras el \u00abbrexit\u00bb, que se espera sea firmado por los l\u00edderes durante la Cumbre de la UE el viernes. \u00abUn buen acuerdo para la UE y Reino Unido est\u00e1 m\u00e1s cerca que nunca antes\u00bb, declar\u00f3 el secretario [&hellip;]<\/p>\n","protected":false},"author":3,"featured_media":0,"comment_status":"open","ping_status":"open","sticky":false,"template":"","format":"standard","meta":{"footnotes":""},"categories":[23],"tags":[],"class_list":["post-231386","post","type-post","status-publish","format-standard","hentry","category-internacional"],"_links":{"self":[{"href":"https:\/\/diariodominicano.com\/index.php?rest_route=\/wp\/v2\/posts\/231386","targetHints":{"allow":["GET"]}}],"collection":[{"href":"https:\/\/diariodominicano.com\/index.php?rest_route=\/wp\/v2\/posts"}],"about":[{"href":"https:\/\/diariodominicano.com\/index.php?rest_route=\/wp\/v2\/types\/post"}],"author":[{"embeddable":true,"href":"https:\/\/diariodominicano.com\/index.php?rest_route=\/wp\/v2\/users\/3"}],"replies":[{"embeddable":true,"href":"https:\/\/diariodominicano.com\/index.php?rest_route=%2Fwp%2Fv2%2Fcomments&post=231386"}],"version-history":[{"count":0,"href":"https:\/\/diariodominicano.com\/index.php?rest_route=\/wp\/v2\/posts\/231386\/revisions"}],"wp:attachment":[{"href":"https:\/\/diariodominicano.com\/index.php?rest_route=%2Fwp%2Fv2%2Fmedia&parent=231386"}],"wp:term":[{"taxonomy":"category","embeddable":true,"href":"https:\/\/diariodominicano.com\/index.php?rest_route=%2Fwp%2Fv2%2Fcategories&post=231386"},{"taxonomy":"post_tag","embeddable":true,"href":"https:\/\/diariodominicano.com\/index.php?rest_route=%2Fwp%2Fv2%2Ftags&post=231386"}],"curies":[{"name":"wp","href":"https:\/\/api.w.org\/{rel}","templated":true}]}}