{"id":231384,"date":"2018-03-19T22:08:26","date_gmt":"2018-03-19T22:08:26","guid":{"rendered":"http:\/\/diariodominicano.ddns.net\/?p=231384"},"modified":"2018-03-19T22:08:26","modified_gmt":"2018-03-19T22:08:26","slug":"vehiculo-autonomo-de-uber-causa-muerte-de-peatona-en-arizona-eeuu","status":"publish","type":"post","link":"https:\/\/diariodominicano.com\/?p=231384","title":{"rendered":"Veh\u00edculo aut\u00f3nomo de Uber causa muerte de peatona en Arizona, EEUU"},"content":{"rendered":"<p><body><\/p>\n<p><img decoding=\"async\" src=\"img3\/uber000.jpg\" \/>  <\/p>\n<\/p>\n<p><strong>   LOS ANGELES, Estados Unidos, 19 mar (Xinhua) &#8212;<\/strong> Una mujer muri\u00f3 esta ma\u00f1ana en un accidente en que se vio involucrado un veh\u00edculo aut\u00f3nomo de Uber en Tempe, en el estado estadounidense de Arizona, inform\u00f3 la polic\u00eda local.<\/p>\n<\/p>\n<p>   De acuerdo con la polic\u00eda de Tempe, la v\u00edctima iba caminando afuera del cruce peatonal cuando fue atropellada por el veh\u00edculo, que iba en modo aut\u00f3nomo en ese momento. Un operador iba en el veh\u00edculo cuando ocurri\u00f3 el atropellamiento.<\/p>\n<\/p>\n<p>   La mujer fue trasladada al hospital, donde falleci\u00f3 horas despu\u00e9s a causa de las heridas.<\/p>\n<\/p>\n<p>  El portal de noticias local AZCentral.com inform\u00f3 que Uber no ha confirmado si el veh\u00edculo estaba en modo aut\u00f3nomo, pero indic\u00f3 que sus operaciones de autos aut\u00f3nomos en Phoenix, Pittsburgh, San Francisco y Toronto han sido \u00abpausadas\u00bb, una medida est\u00e1ndar despu\u00e9s de accidentes previos.<\/p>\n<\/p>\n<p>   La compa\u00f1\u00eda de transporte v\u00eda aplicaciones m\u00f3viles est\u00e1 trabajando con la polic\u00eda en la investigaci\u00f3n del accidente mortal.<\/p>\n<\/p>\n<p>   \u00abNuestros corazones est\u00e1n con la familia de la v\u00edctima\u00bb, declar\u00f3 Uber en su p\u00e1gina oficial de Twitter. \u00abEstamos cooperando completamente con @TempePolice y con las autoridades locales mientras investigan este incidente\u00bb.<\/p>\n<\/p>\n<p>   Los veh\u00edculos aut\u00f3nomos de Uber han estado operando en Arizona desde febrero de 2017, como parte de una serie de pruebas nacionales de veh\u00edculos de ese tipo.<\/p>\n<\/p>\n<p>   Si se confirma que el auto iba en modo aut\u00f3nomo cuando ocurri\u00f3 el hecho, ser\u00eda el primer accidente de tr\u00e1nsito mortal en que se ve involucrado un veh\u00edculo aut\u00f3nomo en Arizona. Fin<\/p>\n<h6> 2018-03-19 22:08:26 <\/h6>\n<p><!--\n<link rel=\"stylesheet\" href=\"css\/bootstrap.min.css\">\n\n\n<ul class=\"pagination\">\n\t    \n\t\n\n<li >\n\t<a href='?page_no=10999'>Previous<\/a>\n\t<\/li>\n\n\n       \n    \n\n<li><a href='?page_no=1'>1<\/a><\/li>\n\n\n\n<li><a href='?page_no=2'>2<\/a><\/li>\n\n\n\n<li><a>...<\/a><\/li>\n\n\n\n<li><a href='?page_no=10998'>10998<\/a><\/li>\n\n\n\n<li><a href='?page_no=10999'>10999<\/a><\/li>\n\n\n\n<li class='active'><a>11000<\/a><\/li>\n\n\n\n<li><a href='?page_no=11001'>11001<\/a><\/li>\n\n\n\n<li><a href='?page_no=11002'>11002<\/a><\/li>\n\n\n\n<li><a>...<\/a><\/li>\n\n\n\n<li><a href='?page_no=51012'>51012<\/a><\/li>\n\n\n\n<li><a href='?page_no=51013'>51013<\/a><\/li>\n\n    \n\t\n\n<li >\n\t<a href='?page_no=11001'>Next<\/a>\n\t<\/li>\n\n\n    \n\n<li><a href='?page_no=51013'>Last &rsaquo;&rsaquo;<\/a><\/li>\n\n<\/ul>\n\n\n--><br \/>\n<\/body><\/p>\n","protected":false},"excerpt":{"rendered":"<p>LOS ANGELES, Estados Unidos, 19 mar (Xinhua) &#8212; Una mujer muri\u00f3 esta ma\u00f1ana en un accidente en que se vio involucrado un veh\u00edculo aut\u00f3nomo de Uber en Tempe, en el estado estadounidense de Arizona, inform\u00f3 la polic\u00eda local. De acuerdo con la polic\u00eda de Tempe, la v\u00edctima iba caminando afuera del cruce peatonal cuando fue [&hellip;]<\/p>\n","protected":false},"author":3,"featured_media":0,"comment_status":"open","ping_status":"open","sticky":false,"template":"","format":"standard","meta":{"footnotes":""},"categories":[23],"tags":[],"class_list":["post-231384","post","type-post","status-publish","format-standard","hentry","category-internacional"],"_links":{"self":[{"href":"https:\/\/diariodominicano.com\/index.php?rest_route=\/wp\/v2\/posts\/231384","targetHints":{"allow":["GET"]}}],"collection":[{"href":"https:\/\/diariodominicano.com\/index.php?rest_route=\/wp\/v2\/posts"}],"about":[{"href":"https:\/\/diariodominicano.com\/index.php?rest_route=\/wp\/v2\/types\/post"}],"author":[{"embeddable":true,"href":"https:\/\/diariodominicano.com\/index.php?rest_route=\/wp\/v2\/users\/3"}],"replies":[{"embeddable":true,"href":"https:\/\/diariodominicano.com\/index.php?rest_route=%2Fwp%2Fv2%2Fcomments&post=231384"}],"version-history":[{"count":0,"href":"https:\/\/diariodominicano.com\/index.php?rest_route=\/wp\/v2\/posts\/231384\/revisions"}],"wp:attachment":[{"href":"https:\/\/diariodominicano.com\/index.php?rest_route=%2Fwp%2Fv2%2Fmedia&parent=231384"}],"wp:term":[{"taxonomy":"category","embeddable":true,"href":"https:\/\/diariodominicano.com\/index.php?rest_route=%2Fwp%2Fv2%2Fcategories&post=231384"},{"taxonomy":"post_tag","embeddable":true,"href":"https:\/\/diariodominicano.com\/index.php?rest_route=%2Fwp%2Fv2%2Ftags&post=231384"}],"curies":[{"name":"wp","href":"https:\/\/api.w.org\/{rel}","templated":true}]}}