{"id":231376,"date":"2018-03-20T11:54:24","date_gmt":"2018-03-20T11:54:24","guid":{"rendered":"http:\/\/diariodominicano.ddns.net\/?p=231376"},"modified":"2018-03-20T11:54:24","modified_gmt":"2018-03-20T11:54:24","slug":"temer-y-santos-se-reunen-en-brasil-para-analizar-inmigracion-venezolana","status":"publish","type":"post","link":"https:\/\/diariodominicano.com\/?p=231376","title":{"rendered":"Temer y Santos se re\u00fanen en Brasil para analizar inmigraci\u00f3n venezolana"},"content":{"rendered":"<p><body><\/p>\n<p><img decoding=\"async\" src=\"img3\/santosTemer20.jpg\" \/>  <\/p>\n<p><span class=\"text1noticias\">     BRASILIA, 20 mar (Xinhua) &#8212; Los presidentes de Brasil, Michel Temer, y de Colombia, Juan Manuel Santos, iniciaron la ma\u00f1ana de hoy martes una reuni\u00f3n en el Palacio de Planalto en Brasilia, para discutir entre otros temas, la crisis en Venezuela y la ola migratoria derivada de ella que afecta a los dos pa\u00edses.<\/span><\/p>\n<p><span class=\"text1noticias\"> <\/span><\/p>\n<p><span class=\"text1noticias\">     El mandatario colombiano y su comitiva arribaron al Palacio de Planalto (sede del gobierno) cerca de las 10:40 hora local (13:40 GMT), y la expectativa es que brinden una declaraci\u00f3n a la prensa pasadas las 12:30 (15:30 GMT).<\/span><\/p>\n<p><span class=\"text1noticias\"> <\/span><\/p>\n<p><span class=\"text1noticias\">     En la visita realizada por invitaci\u00f3n del presidente Temer, Santos est\u00e1 acompa\u00f1ado por la canciller colombiana Mar\u00eda Angela Holgu\u00edn.<\/span><\/p>\n<p><span class=\"text1noticias\"> <\/span><\/p>\n<p><span class=\"text1noticias\">     Le acompa\u00f1an tambi\u00e9n los ministros de Defensa, Luis Carlos Villegas; Agricultura, Juan Guillermo Zuluaga; Comercio, Industria e Turismo, Mar\u00eda Lorena Guti\u00e9rrez; y Ambiente y Desarrollo Sostenible, Luis Gilberto Murillo.<\/span><\/p>\n<p><span class=\"text1noticias\"> <\/span><\/p>\n<p><span class=\"text1noticias\">     Los mandatarios tratar\u00e1n adem\u00e1s temas de la agenda bilateral, como apoyo brasile\u00f1o al proceso de paz en Colombia, comercio, inversiones, cooperaci\u00f3n en agricultura familiar y desminado, seguridad en las fronteras y desarrollo fronterizo.<\/span><\/p>\n<p><span class=\"text1noticias\"> <\/span><\/p>\n<p><span class=\"text1noticias\">     Deber\u00e1n pasar revista a temas regionales, en especial la aproximaci\u00f3n entre el Mercado Com\u00fan del Sur (Mercosur) y la Alianza del Pac\u00edfico (AP), as\u00ed como la crisis venezolana y el flujo migratorio resultante.<\/span><\/p>\n<p><span class=\"text1noticias\"> <\/span><\/p>\n<p><span class=\"text1noticias\">     Colombia ha adoptado medidas para reforzar el control en la frontera y la entrada de inmigrantes de Venezuela, mientras que Brasil tambi\u00e9n decidi\u00f3 reforzar el control en la frontera en el estado de Roraima (norte).<\/span><\/p>\n<p><span class=\"text1noticias\"> <\/span><\/p>\n<p><span class=\"text1noticias\">     Se estima que cerca de 650.000 venezolanos han migrado a Colombia, mientras que en Boa Vista, capital de Roraima, unos 40.000 venezolanos se encuentran alojados en albergues precarios.<\/span><\/p>\n<p><span class=\"text1noticias\"> <\/span><\/p>\n<p><span class=\"text1noticias\">     El presidente Santos tambi\u00e9n estar\u00e1 presente en un evento empresarial y la conferencia \u00abEl poder de la primera infancia para el desarrollo con equidad\u00bb.<\/span><\/p>\n<p><span class=\"text1noticias\"> <\/span><\/p>\n<p><span class=\"text1noticias\">     Un estudio de la Agencia de Promoci\u00f3n de Exportaciones (Apex) de Brasil apunt\u00f3 al pa\u00eds vecino como segundo destino de inter\u00e9s para la internacionalizaci\u00f3n de empresas brasile\u00f1as, solo detr\u00e1s de Estado<\/span>s Unidos.<\/p>\n<h6> 2018-03-20 11:54:24 <\/h6>\n<p><!--\n<link rel=\"stylesheet\" href=\"css\/bootstrap.min.css\">\n\n\n<ul class=\"pagination\">\n\t    \n\t\n\n<li >\n\t<a href='?page_no=10994'>Previous<\/a>\n\t<\/li>\n\n\n       \n    \n\n<li><a href='?page_no=1'>1<\/a><\/li>\n\n\n\n<li><a href='?page_no=2'>2<\/a><\/li>\n\n\n\n<li><a>...<\/a><\/li>\n\n\n\n<li><a href='?page_no=10993'>10993<\/a><\/li>\n\n\n\n<li><a href='?page_no=10994'>10994<\/a><\/li>\n\n\n\n<li class='active'><a>10995<\/a><\/li>\n\n\n\n<li><a href='?page_no=10996'>10996<\/a><\/li>\n\n\n\n<li><a href='?page_no=10997'>10997<\/a><\/li>\n\n\n\n<li><a>...<\/a><\/li>\n\n\n\n<li><a href='?page_no=51012'>51012<\/a><\/li>\n\n\n\n<li><a href='?page_no=51013'>51013<\/a><\/li>\n\n    \n\t\n\n<li >\n\t<a href='?page_no=10996'>Next<\/a>\n\t<\/li>\n\n\n    \n\n<li><a href='?page_no=51013'>Last &rsaquo;&rsaquo;<\/a><\/li>\n\n<\/ul>\n\n\n--><br \/>\n<\/body><\/p>\n","protected":false},"excerpt":{"rendered":"<p>BRASILIA, 20 mar (Xinhua) &#8212; Los presidentes de Brasil, Michel Temer, y de Colombia, Juan Manuel Santos, iniciaron la ma\u00f1ana de hoy martes una reuni\u00f3n en el Palacio de Planalto en Brasilia, para discutir entre otros temas, la crisis en Venezuela y la ola migratoria derivada de ella que afecta a los dos pa\u00edses. El [&hellip;]<\/p>\n","protected":false},"author":3,"featured_media":0,"comment_status":"open","ping_status":"open","sticky":false,"template":"","format":"standard","meta":{"footnotes":""},"categories":[23],"tags":[],"class_list":["post-231376","post","type-post","status-publish","format-standard","hentry","category-internacional"],"_links":{"self":[{"href":"https:\/\/diariodominicano.com\/index.php?rest_route=\/wp\/v2\/posts\/231376","targetHints":{"allow":["GET"]}}],"collection":[{"href":"https:\/\/diariodominicano.com\/index.php?rest_route=\/wp\/v2\/posts"}],"about":[{"href":"https:\/\/diariodominicano.com\/index.php?rest_route=\/wp\/v2\/types\/post"}],"author":[{"embeddable":true,"href":"https:\/\/diariodominicano.com\/index.php?rest_route=\/wp\/v2\/users\/3"}],"replies":[{"embeddable":true,"href":"https:\/\/diariodominicano.com\/index.php?rest_route=%2Fwp%2Fv2%2Fcomments&post=231376"}],"version-history":[{"count":0,"href":"https:\/\/diariodominicano.com\/index.php?rest_route=\/wp\/v2\/posts\/231376\/revisions"}],"wp:attachment":[{"href":"https:\/\/diariodominicano.com\/index.php?rest_route=%2Fwp%2Fv2%2Fmedia&parent=231376"}],"wp:term":[{"taxonomy":"category","embeddable":true,"href":"https:\/\/diariodominicano.com\/index.php?rest_route=%2Fwp%2Fv2%2Fcategories&post=231376"},{"taxonomy":"post_tag","embeddable":true,"href":"https:\/\/diariodominicano.com\/index.php?rest_route=%2Fwp%2Fv2%2Ftags&post=231376"}],"curies":[{"name":"wp","href":"https:\/\/api.w.org\/{rel}","templated":true}]}}