{"id":231375,"date":"2018-03-20T12:04:19","date_gmt":"2018-03-20T12:04:19","guid":{"rendered":"http:\/\/diariodominicano.ddns.net\/?p=231375"},"modified":"2018-03-20T12:04:19","modified_gmt":"2018-03-20T12:04:19","slug":"muere-en-kenia-el-ultimo-macho-del-rinoceronte-blanco-del-norte","status":"publish","type":"post","link":"https:\/\/diariodominicano.com\/?p=231375","title":{"rendered":"Muere en Kenia el \u00faltimo macho del rinoceronte blanco del norte"},"content":{"rendered":"<p><body><\/p>\n<p><span class=\"text1noticias\">     NAIROBI, 20 mar (Xinhua) &#8212; El \u00faltimo esp\u00e9cimen macho del rinoceronte blanco del norte que quedaba en el mundo muri\u00f3 el lunes con 45 a\u00f1os en el centro de conservaci\u00f3n Ol Pajeta, ubicado en el septentrional condado keniano de Laikipia, seg\u00fan confirmaron este martes fuentes oficiales.<\/span><\/p>\n<p><span class=\"text1noticias\"> <\/span><\/p>\n<p><span class=\"text1noticias\">     La directora de comunicaci\u00f3n del centro de conservaci\u00f3n Ol Pajeta, Elodie Sampere, revel\u00f3 que el gigante mam\u00edfero terrestre, cari\u00f1osamente conocido como Sud\u00e1n, sufr\u00eda complicaciones de salud, debido a su avanzada edad, que causaron cambios degenerativos en m\u00fasculos y huesos combinados con extensas heridas en la piel.<\/span><\/p>\n<p><span class=\"text1noticias\"> <\/span><\/p>\n<p><span class=\"text1noticias\">     \u00abSu estado empeor\u00f3 considerablemente en las \u00faltimas 24 horas, incapaz de ponerse de pie y sufri\u00f3 mucho. El equipo veterinario del zool\u00f3gico Dvur Kralove, Ol Pejeta y el Servicio de Conservaci\u00f3n de la Fauna de Kenia decidieron practicarle la eutanasia\u00bb, explic\u00f3 el centro en un comunicado.<\/span><\/p>\n<p><span class=\"text1noticias\"> <\/span><\/p>\n<p><span class=\"text1noticias\">     La muerte de Sud\u00e1n hace que en estos momentos solo queden dos ejemplares femeninos del rinoceronte blanco del norte en el planeta, su hija Najin y su nieta Fatu, que viven en Ol Pejeta.<\/span><\/p>\n<p><span class=\"text1noticias\"> <\/span><\/p>\n<p><span class=\"text1noticias\">     Seg\u00fan el citado centro, la \u00fanica esperanza para preservar esta subespecie radica en el desarrollo de una t\u00e9cnica de fecundaci\u00f3n in vitro (FIV), utilizando \u00f3vulos de las dos hembras vivas, semen conservado de los machos y rinocerontes blancos del sur hembras como sustitu<\/span>tas.<\/p>\n<h6> 2018-03-20 12:04:19 <\/h6>\n<p><!--\n<link rel=\"stylesheet\" href=\"css\/bootstrap.min.css\">\n\n\n<ul class=\"pagination\">\n\t    \n\t\n\n<li >\n\t<a href='?page_no=10993'>Previous<\/a>\n\t<\/li>\n\n\n       \n    \n\n<li><a href='?page_no=1'>1<\/a><\/li>\n\n\n\n<li><a href='?page_no=2'>2<\/a><\/li>\n\n\n\n<li><a>...<\/a><\/li>\n\n\n\n<li><a href='?page_no=10992'>10992<\/a><\/li>\n\n\n\n<li><a href='?page_no=10993'>10993<\/a><\/li>\n\n\n\n<li class='active'><a>10994<\/a><\/li>\n\n\n\n<li><a href='?page_no=10995'>10995<\/a><\/li>\n\n\n\n<li><a href='?page_no=10996'>10996<\/a><\/li>\n\n\n\n<li><a>...<\/a><\/li>\n\n\n\n<li><a href='?page_no=51012'>51012<\/a><\/li>\n\n\n\n<li><a href='?page_no=51013'>51013<\/a><\/li>\n\n    \n\t\n\n<li >\n\t<a href='?page_no=10995'>Next<\/a>\n\t<\/li>\n\n\n    \n\n<li><a href='?page_no=51013'>Last &rsaquo;&rsaquo;<\/a><\/li>\n\n<\/ul>\n\n\n--><br \/>\n<\/body><\/p>\n","protected":false},"excerpt":{"rendered":"<p>NAIROBI, 20 mar (Xinhua) &#8212; El \u00faltimo esp\u00e9cimen macho del rinoceronte blanco del norte que quedaba en el mundo muri\u00f3 el lunes con 45 a\u00f1os en el centro de conservaci\u00f3n Ol Pajeta, ubicado en el septentrional condado keniano de Laikipia, seg\u00fan confirmaron este martes fuentes oficiales. La directora de comunicaci\u00f3n del centro de conservaci\u00f3n Ol [&hellip;]<\/p>\n","protected":false},"author":3,"featured_media":0,"comment_status":"open","ping_status":"open","sticky":false,"template":"","format":"standard","meta":{"footnotes":""},"categories":[23],"tags":[],"class_list":["post-231375","post","type-post","status-publish","format-standard","hentry","category-internacional"],"_links":{"self":[{"href":"https:\/\/diariodominicano.com\/index.php?rest_route=\/wp\/v2\/posts\/231375","targetHints":{"allow":["GET"]}}],"collection":[{"href":"https:\/\/diariodominicano.com\/index.php?rest_route=\/wp\/v2\/posts"}],"about":[{"href":"https:\/\/diariodominicano.com\/index.php?rest_route=\/wp\/v2\/types\/post"}],"author":[{"embeddable":true,"href":"https:\/\/diariodominicano.com\/index.php?rest_route=\/wp\/v2\/users\/3"}],"replies":[{"embeddable":true,"href":"https:\/\/diariodominicano.com\/index.php?rest_route=%2Fwp%2Fv2%2Fcomments&post=231375"}],"version-history":[{"count":0,"href":"https:\/\/diariodominicano.com\/index.php?rest_route=\/wp\/v2\/posts\/231375\/revisions"}],"wp:attachment":[{"href":"https:\/\/diariodominicano.com\/index.php?rest_route=%2Fwp%2Fv2%2Fmedia&parent=231375"}],"wp:term":[{"taxonomy":"category","embeddable":true,"href":"https:\/\/diariodominicano.com\/index.php?rest_route=%2Fwp%2Fv2%2Fcategories&post=231375"},{"taxonomy":"post_tag","embeddable":true,"href":"https:\/\/diariodominicano.com\/index.php?rest_route=%2Fwp%2Fv2%2Ftags&post=231375"}],"curies":[{"name":"wp","href":"https:\/\/api.w.org\/{rel}","templated":true}]}}