{"id":231372,"date":"2018-03-20T12:56:40","date_gmt":"2018-03-20T12:56:40","guid":{"rendered":"http:\/\/diariodominicano.ddns.net\/?p=231372"},"modified":"2018-03-20T12:56:40","modified_gmt":"2018-03-20T12:56:40","slug":"parlamento-de-ue-solicita-a-jefe-de-facebook-aclarar-uso-de-datos","status":"publish","type":"post","link":"https:\/\/diariodominicano.com\/?p=231372","title":{"rendered":"Parlamento de UE solicita a jefe de Facebook aclarar uso de datos"},"content":{"rendered":"<p><body><\/p>\n<p><img decoding=\"async\" src=\"img3\/facebookerropa20.jpg\" \/>  <\/p>\n<p><span class=\"text1noticias\">     BRUSELAS, 20 mar (Xinhua) &#8212; El Parlamento Europeo anunci\u00f3 hoy que ha invitado al director general de Facebook, Mark Zuckerberg, para que hable en la instituci\u00f3n despu\u00e9s de las revelaciones de que datos de su compa\u00f1\u00eda fueron usados inapropiadamente de forma masiva con fines pol\u00edticos.<\/span><\/p>\n<p><span class=\"text1noticias\"> <\/span><\/p>\n<p><span class=\"text1noticias\">     \u00abHemos invitado a Mark Zuckerberg al Parlamento Europeo. Facebook necesita aclarar ante los representantes de 500 millones de europeos que los datos personales no est\u00e1n siendo usados para manipular la democracia\u00bb, tuite\u00f3 el presidente del Parlamento Europeo, Antonio Tajani<\/span>.<\/p>\n<h6> 2018-03-20 12:56:40 <\/h6>\n<p><!--\n<link rel=\"stylesheet\" href=\"css\/bootstrap.min.css\">\n\n\n<ul class=\"pagination\">\n\t    \n\t\n\n<li >\n\t<a href='?page_no=10990'>Previous<\/a>\n\t<\/li>\n\n\n       \n    \n\n<li><a href='?page_no=1'>1<\/a><\/li>\n\n\n\n<li><a href='?page_no=2'>2<\/a><\/li>\n\n\n\n<li><a>...<\/a><\/li>\n\n\n\n<li><a href='?page_no=10989'>10989<\/a><\/li>\n\n\n\n<li><a href='?page_no=10990'>10990<\/a><\/li>\n\n\n\n<li class='active'><a>10991<\/a><\/li>\n\n\n\n<li><a href='?page_no=10992'>10992<\/a><\/li>\n\n\n\n<li><a href='?page_no=10993'>10993<\/a><\/li>\n\n\n\n<li><a>...<\/a><\/li>\n\n\n\n<li><a href='?page_no=51012'>51012<\/a><\/li>\n\n\n\n<li><a href='?page_no=51013'>51013<\/a><\/li>\n\n    \n\t\n\n<li >\n\t<a href='?page_no=10992'>Next<\/a>\n\t<\/li>\n\n\n    \n\n<li><a href='?page_no=51013'>Last &rsaquo;&rsaquo;<\/a><\/li>\n\n<\/ul>\n\n\n--><br \/>\n<\/body><\/p>\n","protected":false},"excerpt":{"rendered":"<p>BRUSELAS, 20 mar (Xinhua) &#8212; El Parlamento Europeo anunci\u00f3 hoy que ha invitado al director general de Facebook, Mark Zuckerberg, para que hable en la instituci\u00f3n despu\u00e9s de las revelaciones de que datos de su compa\u00f1\u00eda fueron usados inapropiadamente de forma masiva con fines pol\u00edticos. \u00abHemos invitado a Mark Zuckerberg al Parlamento Europeo. Facebook necesita [&hellip;]<\/p>\n","protected":false},"author":3,"featured_media":0,"comment_status":"open","ping_status":"open","sticky":false,"template":"","format":"standard","meta":{"footnotes":""},"categories":[23],"tags":[],"class_list":["post-231372","post","type-post","status-publish","format-standard","hentry","category-internacional"],"_links":{"self":[{"href":"https:\/\/diariodominicano.com\/index.php?rest_route=\/wp\/v2\/posts\/231372","targetHints":{"allow":["GET"]}}],"collection":[{"href":"https:\/\/diariodominicano.com\/index.php?rest_route=\/wp\/v2\/posts"}],"about":[{"href":"https:\/\/diariodominicano.com\/index.php?rest_route=\/wp\/v2\/types\/post"}],"author":[{"embeddable":true,"href":"https:\/\/diariodominicano.com\/index.php?rest_route=\/wp\/v2\/users\/3"}],"replies":[{"embeddable":true,"href":"https:\/\/diariodominicano.com\/index.php?rest_route=%2Fwp%2Fv2%2Fcomments&post=231372"}],"version-history":[{"count":0,"href":"https:\/\/diariodominicano.com\/index.php?rest_route=\/wp\/v2\/posts\/231372\/revisions"}],"wp:attachment":[{"href":"https:\/\/diariodominicano.com\/index.php?rest_route=%2Fwp%2Fv2%2Fmedia&parent=231372"}],"wp:term":[{"taxonomy":"category","embeddable":true,"href":"https:\/\/diariodominicano.com\/index.php?rest_route=%2Fwp%2Fv2%2Fcategories&post=231372"},{"taxonomy":"post_tag","embeddable":true,"href":"https:\/\/diariodominicano.com\/index.php?rest_route=%2Fwp%2Fv2%2Ftags&post=231372"}],"curies":[{"name":"wp","href":"https:\/\/api.w.org\/{rel}","templated":true}]}}