{"id":231367,"date":"2018-03-20T14:38:20","date_gmt":"2018-03-20T14:38:20","guid":{"rendered":"http:\/\/diariodominicano.ddns.net\/?p=231367"},"modified":"2018-03-20T14:38:20","modified_gmt":"2018-03-20T14:38:20","slug":"rechaza-siria-acusaciones-europeas-sobre-uso-de-armas-quimicas","status":"publish","type":"post","link":"https:\/\/diariodominicano.com\/?p=231367","title":{"rendered":"Rechaza siria acusaciones europeas sobre uso de armas qu\u00edmicas"},"content":{"rendered":"<p><body><\/p>\n<p><span class=\"text1noticias\">Damasco, 20 mar (PL) La Canciller\u00eda siria rechaz\u00f3 hoy de forma en\u00e9rgica acusaciones del Consejo de la Uni\u00f3n Europea, que imputa al gobierno de este pa\u00eds \u00e1rabe la utilizaci\u00f3n de armas qu\u00edmicas.<\/span><\/p>\n<\/p>\n<p><span class=\"text1noticias\">Esas alegaciones son parte de una campa\u00f1a de enga\u00f1os y mentiras fabricadas por grupos terroristas para justificar una agresi\u00f3n contra este territorio \u00e1rabe, precis\u00f3 una fuente del Ministerio de Asuntos Exteriores y Expatriados.<\/span><\/p>\n<\/p>\n<p><span class=\"text1noticias\">Advirti\u00f3 que con esas falsas acusaciones, los pa\u00edses occidentales intentan proteger a las formaciones extremistas, las cuales sufrieron sucesivas derrotas a manos del Ej\u00e9rcito sirio en diversas partes del pa\u00eds.<\/span><\/p>\n<\/p>\n<p><span class=\"text1noticias\">Tras ratificar que Siria continuar\u00e1 su lucha hasta exterminar a las agrupaciones radicales, la Canciller\u00eda siria denunci\u00f3 que la Uni\u00f3n Europea est\u00e1 subordinada ciegamente a la pol\u00edtica del gobierno de Estados Unidos, lo cual le imposibilita desempe\u00f1ar un positivo papel en el \u00e1mbito internacional.<\/span><\/p>\n<\/p>\n<p><span class=\"text1noticias\">En 2014 las autoridades de Damasco entregaron su arsenal qu\u00edmico completo a la Organizaci\u00f3n para la Prohibici\u00f3n de las Armas Qu\u00edmicas (OPAQ), el cual fue destruido bajo la supervisi\u00f3n de ese organismo internacional.<\/span><\/p>\n<\/p>\n<p><span class=\"text1noticias\">De acuerdo con denuncias del Ministerio de Defensa ruso, las fuerzas armadas estadounidenses y los pa\u00edses de la llamada coalici\u00f3n internacional intensifican sus esfuerzos para culpar a las tropas sirias del uso de gases venenosos.<\/span><\/p>\n<\/p>\n<p><span class=\"text1noticias\">En ese contexto, las autoridades sirias y rusas frustraron la semana pasada tres intentos de utilizaci\u00f3n de gases t\u00f3xicos por milicias opositoras al gobierno de este pa\u00eds, se\u00f1al\u00f3 la fuente.<\/span><\/p>\n<\/p>\n<\/p>\n<h6> 2018-03-20 14:38:20 <\/h6>\n<p><!--\n<link rel=\"stylesheet\" href=\"css\/bootstrap.min.css\">\n\n\n<ul class=\"pagination\">\n\t    \n\t\n\n<li >\n\t<a href='?page_no=10986'>Previous<\/a>\n\t<\/li>\n\n\n       \n    \n\n<li><a href='?page_no=1'>1<\/a><\/li>\n\n\n\n<li><a href='?page_no=2'>2<\/a><\/li>\n\n\n\n<li><a>...<\/a><\/li>\n\n\n\n<li><a href='?page_no=10985'>10985<\/a><\/li>\n\n\n\n<li><a href='?page_no=10986'>10986<\/a><\/li>\n\n\n\n<li class='active'><a>10987<\/a><\/li>\n\n\n\n<li><a href='?page_no=10988'>10988<\/a><\/li>\n\n\n\n<li><a href='?page_no=10989'>10989<\/a><\/li>\n\n\n\n<li><a>...<\/a><\/li>\n\n\n\n<li><a href='?page_no=51012'>51012<\/a><\/li>\n\n\n\n<li><a href='?page_no=51013'>51013<\/a><\/li>\n\n    \n\t\n\n<li >\n\t<a href='?page_no=10988'>Next<\/a>\n\t<\/li>\n\n\n    \n\n<li><a href='?page_no=51013'>Last &rsaquo;&rsaquo;<\/a><\/li>\n\n<\/ul>\n\n\n--><br \/>\n<\/body><\/p>\n","protected":false},"excerpt":{"rendered":"<p>Damasco, 20 mar (PL) La Canciller\u00eda siria rechaz\u00f3 hoy de forma en\u00e9rgica acusaciones del Consejo de la Uni\u00f3n Europea, que imputa al gobierno de este pa\u00eds \u00e1rabe la utilizaci\u00f3n de armas qu\u00edmicas. Esas alegaciones son parte de una campa\u00f1a de enga\u00f1os y mentiras fabricadas por grupos terroristas para justificar una agresi\u00f3n contra este territorio \u00e1rabe, [&hellip;]<\/p>\n","protected":false},"author":3,"featured_media":0,"comment_status":"open","ping_status":"open","sticky":false,"template":"","format":"standard","meta":{"footnotes":""},"categories":[23],"tags":[],"class_list":["post-231367","post","type-post","status-publish","format-standard","hentry","category-internacional"],"_links":{"self":[{"href":"https:\/\/diariodominicano.com\/index.php?rest_route=\/wp\/v2\/posts\/231367","targetHints":{"allow":["GET"]}}],"collection":[{"href":"https:\/\/diariodominicano.com\/index.php?rest_route=\/wp\/v2\/posts"}],"about":[{"href":"https:\/\/diariodominicano.com\/index.php?rest_route=\/wp\/v2\/types\/post"}],"author":[{"embeddable":true,"href":"https:\/\/diariodominicano.com\/index.php?rest_route=\/wp\/v2\/users\/3"}],"replies":[{"embeddable":true,"href":"https:\/\/diariodominicano.com\/index.php?rest_route=%2Fwp%2Fv2%2Fcomments&post=231367"}],"version-history":[{"count":0,"href":"https:\/\/diariodominicano.com\/index.php?rest_route=\/wp\/v2\/posts\/231367\/revisions"}],"wp:attachment":[{"href":"https:\/\/diariodominicano.com\/index.php?rest_route=%2Fwp%2Fv2%2Fmedia&parent=231367"}],"wp:term":[{"taxonomy":"category","embeddable":true,"href":"https:\/\/diariodominicano.com\/index.php?rest_route=%2Fwp%2Fv2%2Fcategories&post=231367"},{"taxonomy":"post_tag","embeddable":true,"href":"https:\/\/diariodominicano.com\/index.php?rest_route=%2Fwp%2Fv2%2Ftags&post=231367"}],"curies":[{"name":"wp","href":"https:\/\/api.w.org\/{rel}","templated":true}]}}