{"id":231360,"date":"2018-03-21T08:45:02","date_gmt":"2018-03-21T08:45:02","guid":{"rendered":"http:\/\/diariodominicano.ddns.net\/?p=231360"},"modified":"2018-03-21T08:45:02","modified_gmt":"2018-03-21T08:45:02","slug":"cientificos-chinos-analizan-cpu-del-cerebro-humano","status":"publish","type":"post","link":"https:\/\/diariodominicano.com\/?p=231360","title":{"rendered":"Cient\u00edficos chinos analizan \u00abCPU\u00bb del cerebro humano"},"content":{"rendered":"<p><body><\/p>\n<p><img decoding=\"async\" src=\"img3\/corteza-prefrontal.jpg\" \/>  <\/p>\n<p><span class=\"text1noticias\">     BEIJING, 21 mar (Xinhua) &#8212; Cient\u00edficos chinos analizaron el proceso de desarrollo de la corteza prefrontal (CPF), la cual es considerada la \u00abCPU\u00bb del cerebro humano, para comprender mejor su funcionamiento.<\/span><\/p>\n<p><span class=\"text1noticias\"> <\/span><\/p>\n<p><span class=\"text1noticias\">     Expertos del Instituto de Biof\u00edsica de la Academia China de Ciencias (CAS, por sus siglas en ingl\u00e9s), la Universidad de Peking y la Universidad Capital de Ciencias M\u00e9dicas aplicaron la elaboraci\u00f3n de perfiles transcripcional de c\u00e9lula \u00fanica para identificar los tipos de c\u00e9lulas en una corteza prefrontal en desarrollo, as\u00ed como sus caracter\u00edsticas de desarrollo. Su investigaci\u00f3n fue publicada en la edici\u00f3n en l\u00ednea de la revista Nature el 14 de marzo.<\/span><\/p>\n<p><span class=\"text1noticias\"> <\/span><\/p>\n<p><span class=\"text1noticias\">     La CPF es una de las regiones m\u00e1s importantes del cerebro. Contiene miles de millones de c\u00e9lulas y sirve como el centro de avanzadas actividades intelectuales, como la memoria, las habilidades cognitivas, la toma de decisiones y el comportamiento social.<\/span><\/p>\n<p><span class=\"text1noticias\"> <\/span><\/p>\n<p><span class=\"text1noticias\">     De acuerdo con el profesor Wang Xiaoqun, de la CAS, hay una necesidad de conocer en detalle el desarrollo de la CPF, ya que cualquier falla o perturbaci\u00f3n de su desarrollo podr\u00eda contribuir a graves d\u00e9ficits que son comunes en pacientes con des\u00f3rdenes de desarrollo neurol\u00f3gico, entre ellos discapacidades intelectuales, trastorno del espectro autista y esquizofrenia.<\/span><\/p>\n<p><span class=\"text1noticias\"> <\/span><\/p>\n<p><span class=\"text1noticias\">     \u00abAunque siempre hemos sabido que el cerebro tiene una variedad de funciones, no sabemos mucho sobre los diferentes tipos de c\u00e9lulas ni sobre la composici\u00f3n de las c\u00e9lulas, lo que nos dificulta entender la forma en que el cerebro desarrolla la funci\u00f3n cognitiva avanzada\u00bb, dijo Wang.<\/span><\/p>\n<p><span class=\"text1noticias\"> <\/span><\/p>\n<p><span class=\"text1noticias\">     Con el fin de analizar de manera sistem\u00e1tica la base celular y la regulaci\u00f3n molecular de la CPF, los cient\u00edficos rastrearon las caracter\u00edsticas moleculares de sus c\u00e9lulas durante el desarrollo del cerebro entre la octava y la vigesima sexta semanas de gestaci\u00f3n.<\/span><\/p>\n<p><span class=\"text1noticias\"> <\/span><\/p>\n<p><span class=\"text1noticias\">     En total analizaron m\u00e1s de 2.300 c\u00e9lulas individuales e identificaron 35 subtipos de c\u00e9lulas en seis clases principales. Adem\u00e1s, rastrearon su proceso de desarrollo.<\/span><\/p>\n<p><span class=\"text1noticias\"> <\/span><\/p>\n<p><span class=\"text1noticias\">     El estudio constituye una poderosa herramienta para la investigaci\u00f3n de los mecanismos responsables del surgimiento de los des\u00f3rdenes neurol\u00f3gicos relacionados con una estructura anormal o una disfunci\u00f3n de la CPF, y tambi\u00e9n para explorar potenciales terapias.<\/span><\/p>\n<p><span class=\"text1noticias\"> <\/span><\/p>\n<p><span class=\"text1noticias\">     De acuerdo con Wang, los proyectos de censo de c\u00e9lulas en curso de \u00abThe BRAIN Initiative\u00bb en Estados Unidos est\u00e1n enfocados principalmente en el atlas cerebral de los roedores.<\/span><\/p>\n<p><span class=\"text1noticias\"> <\/span><\/p>\n<p><span class=\"text1noticias\">     \u00abNosotros no enfocamos m\u00e1s en identificar y caracterizar las c\u00e9lulas neuronales y no neuronales del cerebro humano, lo que ayudar\u00e1 directamente a entender el mecanismo molecular y celular de los des\u00f3rdenes que nos afectan a nosotros\u00bb, sostuvo el cient\u00edfico.<\/span><\/p>\n<p><span class=\"text1noticias\"> <\/span><\/p>\n<p><span class=\"text1noticias\">     China viene intensificando la investigaci\u00f3n en el \u00e1rea de la ciencia del cerebro con miras a mejorar el conocimiento b\u00e1sico de ese \u00f3rgano, as\u00ed como a encontrar tratamientos para las enfermedades que lo aquejan.<\/span><\/p>\n<p><span class=\"text1noticias\"> <\/span><\/p>\n<p><span class=\"text1noticias\">     Wang dijo que tiene la esperanza de que el Gobierno nacional brinde m\u00e1s importancia a la investigaci\u00f3n de la ciencia cerebral y la apoye m\u00e1s. El experto agreg\u00f3 que la investigaci\u00f3n interdisciplinaria es vital para progresar en el estudio del cerebro.<\/span><\/p>\n<p><span class=\"text1noticias\"> <\/span><\/p>\n<p><span class=\"text1noticias\">     \u00abOtro miembro del equipo de investigaci\u00f3n, Tang Fuchou, de la Universidad de Peking, es un experto en secuenciaci\u00f3n de c\u00e9lulas individuales en el \u00e1rea de la biolog\u00eda de las c\u00e9lulas madre, y tenemos ventajas complementarias, lo que hace que la investigaci\u00f3n avance m\u00e1s f\u00e1cilmente\u00bb, sostuvo Wang.<\/span><\/p>\n<p><span class=\"text1noticias\"> <\/span><\/p>\n<p><span class=\"text1noticias\">     \u00abLa investigaci\u00f3n sobre el atlas del cerebro humano necesita de colaboraci\u00f3n interdisciplinaria de diferentes \u00e1reas como la biolog\u00eda celular, la neurociencia y la ciencia computacional. Esperamos ver m\u00e1s laboratorios dedicados al estudio interdisciplinario de la ciencia cerebral\u00bb, agreg\u00f3 Wang.<\/span><\/p>\n<p><span class=\"text1noticias\"> <\/span><\/p>\n<p><span class=\"text1noticias\">     En la actualidad, el cient\u00edfico y su equipo est\u00e1n trabajando en las c\u00e9lulas no neuronales del cerebro, las cuales constituyen cerca de la mitad de su volumen total y del de la m\u00e9dula espinal.<\/span><\/p>\n<p><span class=\"text1noticias\"> <\/span><\/p>\n<p><span class=\"text1noticias\">     \u00abEs<\/span>peramos comprender c\u00f3mo trabajan esas c\u00e9lulas junto con las neuronas, y tambi\u00e9n explorar en m\u00e1s detalle los misterios del cerebro humano\u00bb, manifest\u00f3.<\/p>\n<h6> 2018-03-21 08:45:02 <\/h6>\n<p><!--\n<link rel=\"stylesheet\" href=\"css\/bootstrap.min.css\">\n\n\n<ul class=\"pagination\">\n\t    \n\t\n\n<li >\n\t<a href='?page_no=10979'>Previous<\/a>\n\t<\/li>\n\n\n       \n    \n\n<li><a href='?page_no=1'>1<\/a><\/li>\n\n\n\n<li><a href='?page_no=2'>2<\/a><\/li>\n\n\n\n<li><a>...<\/a><\/li>\n\n\n\n<li><a href='?page_no=10978'>10978<\/a><\/li>\n\n\n\n<li><a href='?page_no=10979'>10979<\/a><\/li>\n\n\n\n<li class='active'><a>10980<\/a><\/li>\n\n\n\n<li><a href='?page_no=10981'>10981<\/a><\/li>\n\n\n\n<li><a href='?page_no=10982'>10982<\/a><\/li>\n\n\n\n<li><a>...<\/a><\/li>\n\n\n\n<li><a href='?page_no=51012'>51012<\/a><\/li>\n\n\n\n<li><a href='?page_no=51013'>51013<\/a><\/li>\n\n    \n\t\n\n<li >\n\t<a href='?page_no=10981'>Next<\/a>\n\t<\/li>\n\n\n    \n\n<li><a href='?page_no=51013'>Last &rsaquo;&rsaquo;<\/a><\/li>\n\n<\/ul>\n\n\n--><br \/>\n<\/body><\/p>\n","protected":false},"excerpt":{"rendered":"<p>BEIJING, 21 mar (Xinhua) &#8212; Cient\u00edficos chinos analizaron el proceso de desarrollo de la corteza prefrontal (CPF), la cual es considerada la \u00abCPU\u00bb del cerebro humano, para comprender mejor su funcionamiento. Expertos del Instituto de Biof\u00edsica de la Academia China de Ciencias (CAS, por sus siglas en ingl\u00e9s), la Universidad de Peking y la Universidad [&hellip;]<\/p>\n","protected":false},"author":3,"featured_media":0,"comment_status":"open","ping_status":"open","sticky":false,"template":"","format":"standard","meta":{"footnotes":""},"categories":[23],"tags":[],"class_list":["post-231360","post","type-post","status-publish","format-standard","hentry","category-internacional"],"_links":{"self":[{"href":"https:\/\/diariodominicano.com\/index.php?rest_route=\/wp\/v2\/posts\/231360","targetHints":{"allow":["GET"]}}],"collection":[{"href":"https:\/\/diariodominicano.com\/index.php?rest_route=\/wp\/v2\/posts"}],"about":[{"href":"https:\/\/diariodominicano.com\/index.php?rest_route=\/wp\/v2\/types\/post"}],"author":[{"embeddable":true,"href":"https:\/\/diariodominicano.com\/index.php?rest_route=\/wp\/v2\/users\/3"}],"replies":[{"embeddable":true,"href":"https:\/\/diariodominicano.com\/index.php?rest_route=%2Fwp%2Fv2%2Fcomments&post=231360"}],"version-history":[{"count":0,"href":"https:\/\/diariodominicano.com\/index.php?rest_route=\/wp\/v2\/posts\/231360\/revisions"}],"wp:attachment":[{"href":"https:\/\/diariodominicano.com\/index.php?rest_route=%2Fwp%2Fv2%2Fmedia&parent=231360"}],"wp:term":[{"taxonomy":"category","embeddable":true,"href":"https:\/\/diariodominicano.com\/index.php?rest_route=%2Fwp%2Fv2%2Fcategories&post=231360"},{"taxonomy":"post_tag","embeddable":true,"href":"https:\/\/diariodominicano.com\/index.php?rest_route=%2Fwp%2Fv2%2Ftags&post=231360"}],"curies":[{"name":"wp","href":"https:\/\/api.w.org\/{rel}","templated":true}]}}