{"id":231358,"date":"2018-03-21T09:57:05","date_gmt":"2018-03-21T09:57:05","guid":{"rendered":"http:\/\/diariodominicano.ddns.net\/?p=231358"},"modified":"2018-03-21T09:57:05","modified_gmt":"2018-03-21T09:57:05","slug":"dimite-presidente-birmano-y-primer-vicepresidente-servira-como-presidente-interino","status":"publish","type":"post","link":"https:\/\/diariodominicano.com\/?p=231358","title":{"rendered":"Dimite presidente birmano y primer vicepresidente servir\u00e1 como presidente interino"},"content":{"rendered":"<p><body><\/p>\n<p><img decoding=\"async\" src=\"img3\/Birmania-htin-kyaw.jpg\" \/>  <\/p>\n<p><span class=\"text1noticias\">     YANGON, 21 mar (Xinhua) &#8212; El primer vicepresidente birmano, U Myint Swe, servir\u00e1 como presidente interino hasta que el Parlamento elija al nuevo presidente, afirm\u00f3 a Xinhua el director general de la Oficina Presidencial, U Zaw Htay, tras la dimisi\u00f3n del presidente, U Htin Kyaw.<\/span><\/p>\n<p><span class=\"text1noticias\"> <\/span><\/p>\n<p><span class=\"text1noticias\">     De acuerdo con la Constituci\u00f3n, el puesto vacante de la presidencia deber\u00e1 ser cubierto en un plazo de siete d\u00edas.<\/span><\/p>\n<p><span class=\"text1noticias\"> <\/span><\/p>\n<p><span class=\"text1noticias\">     La Oficina Presidencial public\u00f3 anteriormente un comunicado oficial sobre la dimisi\u00f3n de U Htin Kyaw, citando su salud como la principal causa de su dimisi\u00f3n.<\/span><\/p>\n<p><span class=\"text1noticias\"> <\/span><\/p>\n<p><span class=\"text1noticias\">     U Zaw Htay agreg\u00f3 que U Htin Kyaw se someti\u00f3 a un tratamiento m\u00e9dico en enero e insisti\u00f3 en retirarse.<\/span><\/p>\n<p><span class=\"text1noticias\"> <\/span><\/p>\n<p><span class=\"text1noticias\">     U Htin Kyaw, de 72 a\u00f1os de edad, fue elegido presidente en 2016, despu\u00e9s de que la Liga Nacional para la Democracia (NLD), liderada por Aung San Suu Kyi, ganara las elecciones generales en 20<\/span>15. <\/p>\n<h6> 2018-03-21 09:57:05 <\/h6>\n<p><!--\n<link rel=\"stylesheet\" href=\"css\/bootstrap.min.css\">\n\n\n<ul class=\"pagination\">\n\t    \n\t\n\n<li >\n\t<a href='?page_no=10978'>Previous<\/a>\n\t<\/li>\n\n\n       \n    \n\n<li><a href='?page_no=1'>1<\/a><\/li>\n\n\n\n<li><a href='?page_no=2'>2<\/a><\/li>\n\n\n\n<li><a>...<\/a><\/li>\n\n\n\n<li><a href='?page_no=10977'>10977<\/a><\/li>\n\n\n\n<li><a href='?page_no=10978'>10978<\/a><\/li>\n\n\n\n<li class='active'><a>10979<\/a><\/li>\n\n\n\n<li><a href='?page_no=10980'>10980<\/a><\/li>\n\n\n\n<li><a href='?page_no=10981'>10981<\/a><\/li>\n\n\n\n<li><a>...<\/a><\/li>\n\n\n\n<li><a href='?page_no=51012'>51012<\/a><\/li>\n\n\n\n<li><a href='?page_no=51013'>51013<\/a><\/li>\n\n    \n\t\n\n<li >\n\t<a href='?page_no=10980'>Next<\/a>\n\t<\/li>\n\n\n    \n\n<li><a href='?page_no=51013'>Last &rsaquo;&rsaquo;<\/a><\/li>\n\n<\/ul>\n\n\n--><br \/>\n<\/body><\/p>\n","protected":false},"excerpt":{"rendered":"<p>YANGON, 21 mar (Xinhua) &#8212; El primer vicepresidente birmano, U Myint Swe, servir\u00e1 como presidente interino hasta que el Parlamento elija al nuevo presidente, afirm\u00f3 a Xinhua el director general de la Oficina Presidencial, U Zaw Htay, tras la dimisi\u00f3n del presidente, U Htin Kyaw. De acuerdo con la Constituci\u00f3n, el puesto vacante de la [&hellip;]<\/p>\n","protected":false},"author":3,"featured_media":0,"comment_status":"open","ping_status":"open","sticky":false,"template":"","format":"standard","meta":{"footnotes":""},"categories":[23],"tags":[],"class_list":["post-231358","post","type-post","status-publish","format-standard","hentry","category-internacional"],"_links":{"self":[{"href":"https:\/\/diariodominicano.com\/index.php?rest_route=\/wp\/v2\/posts\/231358","targetHints":{"allow":["GET"]}}],"collection":[{"href":"https:\/\/diariodominicano.com\/index.php?rest_route=\/wp\/v2\/posts"}],"about":[{"href":"https:\/\/diariodominicano.com\/index.php?rest_route=\/wp\/v2\/types\/post"}],"author":[{"embeddable":true,"href":"https:\/\/diariodominicano.com\/index.php?rest_route=\/wp\/v2\/users\/3"}],"replies":[{"embeddable":true,"href":"https:\/\/diariodominicano.com\/index.php?rest_route=%2Fwp%2Fv2%2Fcomments&post=231358"}],"version-history":[{"count":0,"href":"https:\/\/diariodominicano.com\/index.php?rest_route=\/wp\/v2\/posts\/231358\/revisions"}],"wp:attachment":[{"href":"https:\/\/diariodominicano.com\/index.php?rest_route=%2Fwp%2Fv2%2Fmedia&parent=231358"}],"wp:term":[{"taxonomy":"category","embeddable":true,"href":"https:\/\/diariodominicano.com\/index.php?rest_route=%2Fwp%2Fv2%2Fcategories&post=231358"},{"taxonomy":"post_tag","embeddable":true,"href":"https:\/\/diariodominicano.com\/index.php?rest_route=%2Fwp%2Fv2%2Ftags&post=231358"}],"curies":[{"name":"wp","href":"https:\/\/api.w.org\/{rel}","templated":true}]}}