{"id":231357,"date":"2018-03-21T10:41:45","date_gmt":"2018-03-21T10:41:45","guid":{"rendered":"http:\/\/diariodominicano.ddns.net\/?p=231357"},"modified":"2018-03-21T10:41:45","modified_gmt":"2018-03-21T10:41:45","slug":"merkel-amenaza-a-trump-con-tomar-clarisimas-medidas-de-represalia","status":"publish","type":"post","link":"https:\/\/diariodominicano.com\/?p=231357","title":{"rendered":"Merkel amenaza a Trump con tomar \u00abclar\u00edsimas medidas de represalia\u00bb"},"content":{"rendered":"<p><body><\/p>\n<p><img decoding=\"async\" src=\"img3\/MerkelTrump21.jpg\" \/>  <\/p>\n<p><span class=\"text1noticias\">     BERLIN, 21 mar (Xinhua) &#8212; La canciller alemana Angela Merkel advirti\u00f3 hoy que, si resulta necesario, la Uni\u00f3n Europea (UE) tomara clar\u00edsimas medidas de represalia en respuesta a los aranceles impuestos por Estados Unidos.  <\/span><\/p>\n<p><span class=\"text1noticias\"> <\/span><\/p>\n<p><span class=\"text1noticias\">     Ante legisladores en la c\u00e1mara baja del Parlamento alem\u00e1n, Merkel dijo que Estados Unidos acaba de imponer aranceles punitivos.<\/span><\/p>\n<p><span class=\"text1noticias\"> <\/span><\/p>\n<p><span class=\"text1noticias\">     \u00abBuscaremos conversaciones y, si resulta necesario, tomaremos clar\u00edsimas medidas de represalia\u00bb, dijo Merkel en la primera declaraci\u00f3n gubernamental ante el Parlamento despu\u00e9s del establecimiento del nuevo gobierno alem\u00e1n.<\/span><\/p>\n<p><span class=\"text1noticias\"> <\/span><\/p>\n<p><span class=\"text1noticias\">     El presidente de Estados Unidos, Donald Trump, firm\u00f3 de manera formal el 8 de marzo documentos para imponer un arancel de 25 por ciento al acero importado y de 10 por ciento al aluminio, lo cual entrar\u00e1 en vigor en 15 d\u00edas. La medida gener\u00f3 gran descontento en grupos y socios comerciales de todo el mun<\/span>do.<\/p>\n<h6> 2018-03-21 10:41:45 <\/h6>\n<p><!--\n<link rel=\"stylesheet\" href=\"css\/bootstrap.min.css\">\n\n\n<ul class=\"pagination\">\n\t    \n\t\n\n<li >\n\t<a href='?page_no=10977'>Previous<\/a>\n\t<\/li>\n\n\n       \n    \n\n<li><a href='?page_no=1'>1<\/a><\/li>\n\n\n\n<li><a href='?page_no=2'>2<\/a><\/li>\n\n\n\n<li><a>...<\/a><\/li>\n\n\n\n<li><a href='?page_no=10976'>10976<\/a><\/li>\n\n\n\n<li><a href='?page_no=10977'>10977<\/a><\/li>\n\n\n\n<li class='active'><a>10978<\/a><\/li>\n\n\n\n<li><a href='?page_no=10979'>10979<\/a><\/li>\n\n\n\n<li><a href='?page_no=10980'>10980<\/a><\/li>\n\n\n\n<li><a>...<\/a><\/li>\n\n\n\n<li><a href='?page_no=51012'>51012<\/a><\/li>\n\n\n\n<li><a href='?page_no=51013'>51013<\/a><\/li>\n\n    \n\t\n\n<li >\n\t<a href='?page_no=10979'>Next<\/a>\n\t<\/li>\n\n\n    \n\n<li><a href='?page_no=51013'>Last &rsaquo;&rsaquo;<\/a><\/li>\n\n<\/ul>\n\n\n--><br \/>\n<\/body><\/p>\n","protected":false},"excerpt":{"rendered":"<p>BERLIN, 21 mar (Xinhua) &#8212; La canciller alemana Angela Merkel advirti\u00f3 hoy que, si resulta necesario, la Uni\u00f3n Europea (UE) tomara clar\u00edsimas medidas de represalia en respuesta a los aranceles impuestos por Estados Unidos. Ante legisladores en la c\u00e1mara baja del Parlamento alem\u00e1n, Merkel dijo que Estados Unidos acaba de imponer aranceles punitivos. \u00abBuscaremos conversaciones [&hellip;]<\/p>\n","protected":false},"author":3,"featured_media":0,"comment_status":"open","ping_status":"open","sticky":false,"template":"","format":"standard","meta":{"footnotes":""},"categories":[23],"tags":[],"class_list":["post-231357","post","type-post","status-publish","format-standard","hentry","category-internacional"],"_links":{"self":[{"href":"https:\/\/diariodominicano.com\/index.php?rest_route=\/wp\/v2\/posts\/231357","targetHints":{"allow":["GET"]}}],"collection":[{"href":"https:\/\/diariodominicano.com\/index.php?rest_route=\/wp\/v2\/posts"}],"about":[{"href":"https:\/\/diariodominicano.com\/index.php?rest_route=\/wp\/v2\/types\/post"}],"author":[{"embeddable":true,"href":"https:\/\/diariodominicano.com\/index.php?rest_route=\/wp\/v2\/users\/3"}],"replies":[{"embeddable":true,"href":"https:\/\/diariodominicano.com\/index.php?rest_route=%2Fwp%2Fv2%2Fcomments&post=231357"}],"version-history":[{"count":0,"href":"https:\/\/diariodominicano.com\/index.php?rest_route=\/wp\/v2\/posts\/231357\/revisions"}],"wp:attachment":[{"href":"https:\/\/diariodominicano.com\/index.php?rest_route=%2Fwp%2Fv2%2Fmedia&parent=231357"}],"wp:term":[{"taxonomy":"category","embeddable":true,"href":"https:\/\/diariodominicano.com\/index.php?rest_route=%2Fwp%2Fv2%2Fcategories&post=231357"},{"taxonomy":"post_tag","embeddable":true,"href":"https:\/\/diariodominicano.com\/index.php?rest_route=%2Fwp%2Fv2%2Ftags&post=231357"}],"curies":[{"name":"wp","href":"https:\/\/api.w.org\/{rel}","templated":true}]}}