{"id":231356,"date":"2018-03-21T11:41:59","date_gmt":"2018-03-21T11:41:59","guid":{"rendered":"http:\/\/diariodominicano.ddns.net\/?p=231356"},"modified":"2018-03-21T11:41:59","modified_gmt":"2018-03-21T11:41:59","slug":"aun-no-se-define-sitio-se-reunion-putin-trump-kremlin","status":"publish","type":"post","link":"https:\/\/diariodominicano.com\/?p=231356","title":{"rendered":"A\u00fan no se define sitio se reuni\u00f3n Putin-Trump: Kremlin"},"content":{"rendered":"<p><body><\/p>\n<p><img decoding=\"async\" src=\"img3\/TrumpPutin.jpg\" \/>  <\/p>\n<p><span class=\"text1noticias\">     MOSCU, 21 mar (Xinhua) &#8212; No se ha tomado a\u00fan ninguna decisi\u00f3n sobre la fecha y el sitio de una posible reuni\u00f3n entre el presidente ruso Vladimir Putin y su hom\u00f3logo estadounidense Donald Trump, dijo hoy el Kremlin.<\/span><\/p>\n<p><span class=\"text1noticias\"> <\/span><\/p>\n<p><span class=\"text1noticias\">     En una conversaci\u00f3n telef\u00f3nica entablada el martes, los dos presidentes dijeron que pedir\u00e1n a los jefes de la diplomacia de los dos pa\u00edses preparar la reuni\u00f3n \u00abtan pronto como sea posible\u00bb, dijo en la conferencia de prensa cotidiana Dmitry Peskov, el vocero del Kremlin.<\/span><\/p>\n<p><span class=\"text1noticias\"> <\/span><\/p>\n<p><span class=\"text1noticias\">     Putin y Trump coincidieron en que los problemas en las relaciones bilaterales hacen que resulte necesario realizar una reuni\u00f3n cara a cara, dijo Peskov.<\/span><\/p>\n<p><span class=\"text1noticias\"> <\/span><\/p>\n<p><span class=\"text1noticias\">     Trump llam\u00f3 el martes a Putin para felicitarlo por su reelecci\u00f3n.<\/span><\/p>\n<p><span class=\"text1noticias\"> <\/span><\/p>\n<p><span class=\"text1noticias\">     \u00abEs probable que nos reunamos en un futuro no muy distante\u00bb, dijo Trump a los reporteros en la Casa Blanca despu\u00e9s de la conversaci\u00f3n telef\u00f3nica.<\/span><\/p>\n<p><span class=\"text1noticias\"> <\/span><\/p>\n<p><span class=\"text1noticias\">     Trump dijo que podr\u00edan discutir la carrera armamentista entre Washington y Mosc\u00fa y tambi\u00e9n temas como Ucrania, Siria y la pen\u00ednsula de Corea.<\/span><\/p>\n<p><span class=\"text1noticias\"> <\/span><\/p>\n<p><span class=\"text1noticias\">     La posible reuni\u00f3n ser\u00eda la segunda conversaci\u00f3n formal cara a cara entre ambos presidentes, quien se encontraron por primera ocasi\u00f3n el 7 de julio de 2017 al margen de la Cumbre del G20 en Hamb<\/span>urgo. <\/p>\n<h6> 2018-03-21 11:41:59 <\/h6>\n<p><!--\n<link rel=\"stylesheet\" href=\"css\/bootstrap.min.css\">\n\n\n<ul class=\"pagination\">\n\t    \n\t\n\n<li >\n\t<a href='?page_no=10976'>Previous<\/a>\n\t<\/li>\n\n\n       \n    \n\n<li><a href='?page_no=1'>1<\/a><\/li>\n\n\n\n<li><a href='?page_no=2'>2<\/a><\/li>\n\n\n\n<li><a>...<\/a><\/li>\n\n\n\n<li><a href='?page_no=10975'>10975<\/a><\/li>\n\n\n\n<li><a href='?page_no=10976'>10976<\/a><\/li>\n\n\n\n<li class='active'><a>10977<\/a><\/li>\n\n\n\n<li><a href='?page_no=10978'>10978<\/a><\/li>\n\n\n\n<li><a href='?page_no=10979'>10979<\/a><\/li>\n\n\n\n<li><a>...<\/a><\/li>\n\n\n\n<li><a href='?page_no=51012'>51012<\/a><\/li>\n\n\n\n<li><a href='?page_no=51013'>51013<\/a><\/li>\n\n    \n\t\n\n<li >\n\t<a href='?page_no=10978'>Next<\/a>\n\t<\/li>\n\n\n    \n\n<li><a href='?page_no=51013'>Last &rsaquo;&rsaquo;<\/a><\/li>\n\n<\/ul>\n\n\n--><br \/>\n<\/body><\/p>\n","protected":false},"excerpt":{"rendered":"<p>MOSCU, 21 mar (Xinhua) &#8212; No se ha tomado a\u00fan ninguna decisi\u00f3n sobre la fecha y el sitio de una posible reuni\u00f3n entre el presidente ruso Vladimir Putin y su hom\u00f3logo estadounidense Donald Trump, dijo hoy el Kremlin. En una conversaci\u00f3n telef\u00f3nica entablada el martes, los dos presidentes dijeron que pedir\u00e1n a los jefes de [&hellip;]<\/p>\n","protected":false},"author":3,"featured_media":0,"comment_status":"open","ping_status":"open","sticky":false,"template":"","format":"standard","meta":{"footnotes":""},"categories":[23],"tags":[],"class_list":["post-231356","post","type-post","status-publish","format-standard","hentry","category-internacional"],"_links":{"self":[{"href":"https:\/\/diariodominicano.com\/index.php?rest_route=\/wp\/v2\/posts\/231356","targetHints":{"allow":["GET"]}}],"collection":[{"href":"https:\/\/diariodominicano.com\/index.php?rest_route=\/wp\/v2\/posts"}],"about":[{"href":"https:\/\/diariodominicano.com\/index.php?rest_route=\/wp\/v2\/types\/post"}],"author":[{"embeddable":true,"href":"https:\/\/diariodominicano.com\/index.php?rest_route=\/wp\/v2\/users\/3"}],"replies":[{"embeddable":true,"href":"https:\/\/diariodominicano.com\/index.php?rest_route=%2Fwp%2Fv2%2Fcomments&post=231356"}],"version-history":[{"count":0,"href":"https:\/\/diariodominicano.com\/index.php?rest_route=\/wp\/v2\/posts\/231356\/revisions"}],"wp:attachment":[{"href":"https:\/\/diariodominicano.com\/index.php?rest_route=%2Fwp%2Fv2%2Fmedia&parent=231356"}],"wp:term":[{"taxonomy":"category","embeddable":true,"href":"https:\/\/diariodominicano.com\/index.php?rest_route=%2Fwp%2Fv2%2Fcategories&post=231356"},{"taxonomy":"post_tag","embeddable":true,"href":"https:\/\/diariodominicano.com\/index.php?rest_route=%2Fwp%2Fv2%2Ftags&post=231356"}],"curies":[{"name":"wp","href":"https:\/\/api.w.org\/{rel}","templated":true}]}}