{"id":231355,"date":"2018-03-21T12:11:17","date_gmt":"2018-03-21T12:11:17","guid":{"rendered":"http:\/\/diariodominicano.ddns.net\/?p=231355"},"modified":"2018-03-21T12:11:17","modified_gmt":"2018-03-21T12:11:17","slug":"asciende-a-29-cifra-de-muertos-por-atentado-en-kabul","status":"publish","type":"post","link":"https:\/\/diariodominicano.com\/?p=231355","title":{"rendered":"Asciende a 29 cifra de muertos por atentado en Kabul"},"content":{"rendered":"<p><body><\/p>\n<p><img decoding=\"async\" src=\"img3\/afganistan-atentado.jpg\" \/>  <\/p>\n<p><span class=\"text1noticias\">Kabul, 21 mar (PL) A 29 ascendi\u00f3 la cifra de muertos como consecuencia del atentado suicida perpetrado hoy por el Estado Isl\u00e1mico cerca de un santuario chiita en esta capital, confirm\u00f3 el Ministerio de Salud afgano.<\/span><\/p>\n<p><span class=\"text1noticias\"> <\/span><\/p>\n<p><span class=\"text1noticias\">La fuente detall\u00f3 que hasta el momento se reportan 52 lesionados, cifra susceptible de aumento por la severidad de los da\u00f1os.<\/span><\/p>\n<p><span class=\"text1noticias\"> <\/span><\/p>\n<p><span class=\"text1noticias\"> <\/span><\/p>\n<p><span class=\"text1noticias\">Por su parte, el jefe del hospital al que fueron trasladadas las v\u00edctimas, Saber Naseeb, inform\u00f3 que siete fueron intervenidas quir\u00fargicamente y cinco permanecen en estado cr\u00edtico.<\/span><\/p>\n<p><span class=\"text1noticias\"> <\/span><\/p>\n<p><span class=\"text1noticias\">El incidente se produjo cuando el terrorista deton\u00f3 los explosivos en las inmediaciones del templo de Kart-e Sakhi durante la celebraci\u00f3n del Nouruz, antigua festividad persa que marca el comienzo de la primavera.<\/span><\/p>\n<p><span class=\"text1noticias\"> <\/span><\/p>\n<p><span class=\"text1noticias\">El jefe interino de la polic\u00eda de Kabul, Dawood Amin, coment\u00f3 que la seguridad del \u00e1rea fue reforzada tras recibir amenazas contra el evento, pero el atacante deton\u00f3 los explosivos entre un grupo de peatones a cierta distancia del lugar.<\/span><\/p>\n<p><span class=\"text1noticias\"> <\/span><\/p>\n<p><span class=\"text1noticias\">La minor\u00eda chiita, que representa el 20 por ciento de la poblaci\u00f3n y se concentra fundamentalmente en la regi\u00f3n central del pa\u00eds, ha sufrido el incremento de actos violentos en los \u00faltimos a\u00f1os, con un repunte despu\u00e9s del verano de 2016 que suma hasta la fecha m\u00e1s de 10 aten<\/span>tados.<\/p>\n<h6> 2018-03-21 12:11:17 <\/h6>\n<p><!--\n<link rel=\"stylesheet\" href=\"css\/bootstrap.min.css\">\n\n\n<ul class=\"pagination\">\n\t    \n\t\n\n<li >\n\t<a href='?page_no=10975'>Previous<\/a>\n\t<\/li>\n\n\n       \n    \n\n<li><a href='?page_no=1'>1<\/a><\/li>\n\n\n\n<li><a href='?page_no=2'>2<\/a><\/li>\n\n\n\n<li><a>...<\/a><\/li>\n\n\n\n<li><a href='?page_no=10974'>10974<\/a><\/li>\n\n\n\n<li><a href='?page_no=10975'>10975<\/a><\/li>\n\n\n\n<li class='active'><a>10976<\/a><\/li>\n\n\n\n<li><a href='?page_no=10977'>10977<\/a><\/li>\n\n\n\n<li><a href='?page_no=10978'>10978<\/a><\/li>\n\n\n\n<li><a>...<\/a><\/li>\n\n\n\n<li><a href='?page_no=51012'>51012<\/a><\/li>\n\n\n\n<li><a href='?page_no=51013'>51013<\/a><\/li>\n\n    \n\t\n\n<li >\n\t<a href='?page_no=10977'>Next<\/a>\n\t<\/li>\n\n\n    \n\n<li><a href='?page_no=51013'>Last &rsaquo;&rsaquo;<\/a><\/li>\n\n<\/ul>\n\n\n--><br \/>\n<\/body><\/p>\n","protected":false},"excerpt":{"rendered":"<p>Kabul, 21 mar (PL) A 29 ascendi\u00f3 la cifra de muertos como consecuencia del atentado suicida perpetrado hoy por el Estado Isl\u00e1mico cerca de un santuario chiita en esta capital, confirm\u00f3 el Ministerio de Salud afgano. La fuente detall\u00f3 que hasta el momento se reportan 52 lesionados, cifra susceptible de aumento por la severidad de [&hellip;]<\/p>\n","protected":false},"author":3,"featured_media":0,"comment_status":"open","ping_status":"open","sticky":false,"template":"","format":"standard","meta":{"footnotes":""},"categories":[23],"tags":[],"class_list":["post-231355","post","type-post","status-publish","format-standard","hentry","category-internacional"],"_links":{"self":[{"href":"https:\/\/diariodominicano.com\/index.php?rest_route=\/wp\/v2\/posts\/231355","targetHints":{"allow":["GET"]}}],"collection":[{"href":"https:\/\/diariodominicano.com\/index.php?rest_route=\/wp\/v2\/posts"}],"about":[{"href":"https:\/\/diariodominicano.com\/index.php?rest_route=\/wp\/v2\/types\/post"}],"author":[{"embeddable":true,"href":"https:\/\/diariodominicano.com\/index.php?rest_route=\/wp\/v2\/users\/3"}],"replies":[{"embeddable":true,"href":"https:\/\/diariodominicano.com\/index.php?rest_route=%2Fwp%2Fv2%2Fcomments&post=231355"}],"version-history":[{"count":0,"href":"https:\/\/diariodominicano.com\/index.php?rest_route=\/wp\/v2\/posts\/231355\/revisions"}],"wp:attachment":[{"href":"https:\/\/diariodominicano.com\/index.php?rest_route=%2Fwp%2Fv2%2Fmedia&parent=231355"}],"wp:term":[{"taxonomy":"category","embeddable":true,"href":"https:\/\/diariodominicano.com\/index.php?rest_route=%2Fwp%2Fv2%2Fcategories&post=231355"},{"taxonomy":"post_tag","embeddable":true,"href":"https:\/\/diariodominicano.com\/index.php?rest_route=%2Fwp%2Fv2%2Ftags&post=231355"}],"curies":[{"name":"wp","href":"https:\/\/api.w.org\/{rel}","templated":true}]}}