{"id":231354,"date":"2018-03-21T13:40:14","date_gmt":"2018-03-21T13:40:14","guid":{"rendered":"http:\/\/diariodominicano.ddns.net\/?p=231354"},"modified":"2018-03-21T13:40:14","modified_gmt":"2018-03-21T13:40:14","slug":"parlamento-catalan-abre-via-para-elegir-nuevo-presidente-regional","status":"publish","type":"post","link":"https:\/\/diariodominicano.com\/?p=231354","title":{"rendered":"Parlamento catal\u00e1n abre v\u00eda para elegir nuevo presidente regional"},"content":{"rendered":"<p><body><\/p>\n<p><img decoding=\"async\" src=\"img3\/parlacatalan.jpg\" \/>  <\/p>\n<\/p>\n<p><span class=\"text1noticias\">Madrid, 21 mar (PL) El presidente del parlamento de Catalu\u00f1a, Roger Torrent, realizar\u00e1 hoy una declaraci\u00f3n institucional en la que podr\u00eda anunciar una tercera ronda de contactos para elegir a un nuevo candidato a la presidencia de esa regi\u00f3n espa\u00f1ola.<\/span><\/p>\n<\/p>\n<p><span class=\"text1noticias\">Torrent comparecer\u00e1 un d\u00eda despu\u00e9s que el aspirante a dirigir esa comunidad aut\u00f3noma, el separatista preso Jordi S\u00e1nchez, comunic\u00f3 que se plantea renunciar a su condici\u00f3n de diputado regional y abandonar la pol\u00edtica a cambio de su libertad.<\/span><\/p>\n<\/p>\n<p><span class=\"text1noticias\">De esa manera, el titular de la c\u00e1mara auton\u00f3mica podr\u00eda dar a conocer, junto al cambio de candidato, la nueva fecha de convocatoria del pleno de investidura y, con ello, poner en marcha la legislatura, tres meses despu\u00e9s de las elecciones del pasado 21 de diciembre.<\/span><\/p>\n<\/p>\n<p><span class=\"text1noticias\">El portavoz del partido conservador Junts per Catalunya (JxCat), Eduard Pujol, confirm\u00f3 la v\u00edspera la intenci\u00f3n del aspirante a presidir la Generalitat (ejecutivo catal\u00e1n) de dar un paso al costado, aunque no concret\u00f3 una fecha.<\/span><\/p>\n<\/p>\n<p><span class=\"text1noticias\">Pujol corrobor\u00f3 la noticia adelantada por el abogado de S\u00e1nchez, quien el martes comunic\u00f3 al Tribunal Supremo el prop\u00f3sito de su defendido de renunciar a la vida pol\u00edtica para lograr su excarcelaci\u00f3n.<\/span><\/p>\n<\/p>\n<p><span class=\"text1noticias\">Si decide dejar su acta de diputado en el parlamento de esa regi\u00f3n del noreste de Espa\u00f1a, no podr\u00eda seguir aspirando a ser investido jefe del Gobierno catal\u00e1n, pues para ello tiene que ser miembro de la c\u00e1mara.<\/span><\/p>\n<\/p>\n<p><span class=\"text1noticias\">En prisi\u00f3n desde hace cinco meses por su participaci\u00f3n en el plan secesionista de esa comunidad aut\u00f3noma, S\u00e1nchez compareci\u00f3 ante el Supremo para pedir su liberaci\u00f3n y en la vista sus abogados plantearon &#8216;la renuncia a su esca\u00f1o en los pr\u00f3ximos d\u00edas&#8217;.<\/span><\/p>\n<\/p>\n<p><span class=\"text1noticias\">Esta situaci\u00f3n llevar\u00eda a las fuerzas soberanistas -mayoritarias en el parlamento catal\u00e1n- a buscar un nuevo pretendiente a dirigir la regi\u00f3n, controlada por el gobierno espa\u00f1ol desde la fallida declaraci\u00f3n unilateral de independencia del 27 de octubre de 2017.<\/span><\/p>\n<\/p>\n<p><span class=\"text1noticias\">Seg\u00fan medios period\u00edsticos, que citan a fuentes de JxCat, el elegido podr\u00eda ser Jordi Turull, exportavoz del defenestrado ejecutivo de Carles Puigdemont, autoexiliado en B\u00e9lgica tras fracasar en su intento de proclamar la Rep\u00fablica catalana.<\/span><\/p>\n<\/p>\n<p><span class=\"text1noticias\">Pese a revalidar su hegemon\u00eda en los comicios de diciembre, convocados por Madrid para frenar las ansias separatistas, los partidos favorables a la ruptura con Espa\u00f1a no pudieron investir a un mandatario ante los cargos judiciales de sus candidatos.<\/span><\/p>\n<\/p>\n<p><span class=\"text1noticias\">Junto a Puigdemont, Turull es uno de los antiguos altos cargos catalanes que est\u00e1n acusados de rebeli\u00f3n y sedici\u00f3n por promover el referendo de autodeterminaci\u00f3n del 1 de octubre, prohibido por la justicia espa\u00f1ola, y la posterior declaraci\u00f3n de independencia.<\/span><\/p>\n<\/p>\n<p><span class=\"text1noticias\">Aunque en la actualidad se encuentra en libertad bajo fianza, su procesamiento -que puede producirse en el pr\u00f3ximo a\u00f1o- podr\u00eda conllevar la inhabilitaci\u00f3n para cargo p\u00fablico.<\/span><\/p>\n<\/p>\n<h6> 2018-03-21 13:40:14 <\/h6>\n<p><!--\n<link rel=\"stylesheet\" href=\"css\/bootstrap.min.css\">\n\n\n<ul class=\"pagination\">\n\t    \n\t\n\n<li >\n\t<a href='?page_no=10974'>Previous<\/a>\n\t<\/li>\n\n\n       \n    \n\n<li><a href='?page_no=1'>1<\/a><\/li>\n\n\n\n<li><a href='?page_no=2'>2<\/a><\/li>\n\n\n\n<li><a>...<\/a><\/li>\n\n\n\n<li><a href='?page_no=10973'>10973<\/a><\/li>\n\n\n\n<li><a href='?page_no=10974'>10974<\/a><\/li>\n\n\n\n<li class='active'><a>10975<\/a><\/li>\n\n\n\n<li><a href='?page_no=10976'>10976<\/a><\/li>\n\n\n\n<li><a href='?page_no=10977'>10977<\/a><\/li>\n\n\n\n<li><a>...<\/a><\/li>\n\n\n\n<li><a href='?page_no=51012'>51012<\/a><\/li>\n\n\n\n<li><a href='?page_no=51013'>51013<\/a><\/li>\n\n    \n\t\n\n<li >\n\t<a href='?page_no=10976'>Next<\/a>\n\t<\/li>\n\n\n    \n\n<li><a href='?page_no=51013'>Last &rsaquo;&rsaquo;<\/a><\/li>\n\n<\/ul>\n\n\n--><br \/>\n<\/body><\/p>\n","protected":false},"excerpt":{"rendered":"<p>Madrid, 21 mar (PL) El presidente del parlamento de Catalu\u00f1a, Roger Torrent, realizar\u00e1 hoy una declaraci\u00f3n institucional en la que podr\u00eda anunciar una tercera ronda de contactos para elegir a un nuevo candidato a la presidencia de esa regi\u00f3n espa\u00f1ola. Torrent comparecer\u00e1 un d\u00eda despu\u00e9s que el aspirante a dirigir esa comunidad aut\u00f3noma, el separatista [&hellip;]<\/p>\n","protected":false},"author":3,"featured_media":0,"comment_status":"open","ping_status":"open","sticky":false,"template":"","format":"standard","meta":{"footnotes":""},"categories":[23],"tags":[],"class_list":["post-231354","post","type-post","status-publish","format-standard","hentry","category-internacional"],"_links":{"self":[{"href":"https:\/\/diariodominicano.com\/index.php?rest_route=\/wp\/v2\/posts\/231354","targetHints":{"allow":["GET"]}}],"collection":[{"href":"https:\/\/diariodominicano.com\/index.php?rest_route=\/wp\/v2\/posts"}],"about":[{"href":"https:\/\/diariodominicano.com\/index.php?rest_route=\/wp\/v2\/types\/post"}],"author":[{"embeddable":true,"href":"https:\/\/diariodominicano.com\/index.php?rest_route=\/wp\/v2\/users\/3"}],"replies":[{"embeddable":true,"href":"https:\/\/diariodominicano.com\/index.php?rest_route=%2Fwp%2Fv2%2Fcomments&post=231354"}],"version-history":[{"count":0,"href":"https:\/\/diariodominicano.com\/index.php?rest_route=\/wp\/v2\/posts\/231354\/revisions"}],"wp:attachment":[{"href":"https:\/\/diariodominicano.com\/index.php?rest_route=%2Fwp%2Fv2%2Fmedia&parent=231354"}],"wp:term":[{"taxonomy":"category","embeddable":true,"href":"https:\/\/diariodominicano.com\/index.php?rest_route=%2Fwp%2Fv2%2Fcategories&post=231354"},{"taxonomy":"post_tag","embeddable":true,"href":"https:\/\/diariodominicano.com\/index.php?rest_route=%2Fwp%2Fv2%2Ftags&post=231354"}],"curies":[{"name":"wp","href":"https:\/\/api.w.org\/{rel}","templated":true}]}}