{"id":231350,"date":"2018-03-21T14:19:25","date_gmt":"2018-03-21T14:19:25","guid":{"rendered":"http:\/\/diariodominicano.ddns.net\/?p=231350"},"modified":"2018-03-21T14:19:25","modified_gmt":"2018-03-21T14:19:25","slug":"presidente-frances-pronunciara-discurso-ante-el-congreso-de-ee-uu","status":"publish","type":"post","link":"https:\/\/diariodominicano.com\/?p=231350","title":{"rendered":"Presidente franc\u00e9s pronunciar\u00e1 discurso ante el Congreso de EE.UU."},"content":{"rendered":"<p><body><\/p>\n<p><img decoding=\"async\" src=\"img3\/macron.jpg\" \/>  <\/p>\n<\/p>\n<p>Par\u00eds, 21 mar (PL) El presidente de Francia, Emmanuel Macron, pronunciar\u00e1 un discurso ante el Congreso de Estados Unidos como parte de su visita en abril pr\u00f3ximo a esa naci\u00f3n, destac\u00f3 hoy la prensa gala.<\/p>\n<\/p>\n<p>Los medios de comunicaci\u00f3n se hacen eco del anuncio realizado por el presidente de la C\u00e1mara de Representantes estadounidense, Paul Ryan, quien inform\u00f3 sobre la presencia de Macron en la sesi\u00f3n del 25 de abril.<\/p>\n<\/p>\n<p>&#8216;Se trata de una ocasi\u00f3n especial para profundizar la relaci\u00f3n hist\u00f3rica entre nuestros estados y reafirmar el compromiso a vencer el terrorismo en nuestros pa\u00edses y en el mundo&#8217;, indic\u00f3.<\/p>\n<\/p>\n<p>Macron realizar\u00e1 una visita oficial el 24 y el25 de abril, en respuesta a una invitaci\u00f3n de su hom\u00f3logo norteamericano, Donald Trump.<\/p>\n<\/p>\n<p>De acuerdo con la informaci\u00f3n adelantada, la agenda de la estancia incluir\u00e1 una reuni\u00f3n de trabajo en la Casa Blanca, una rueda de prensa conjunta, algunas ceremonias protocolarias y una cena de Estado.<\/p>\n<\/p>\n<p>La invitaci\u00f3n de Washington se produce luego de que Trump fuera recibido por Macron en Par\u00eds los d\u00edas 13 y 14 de julio.<\/p>\n<\/p>\n<p>En esa ocasi\u00f3n, ambos presidentes cumplieron juntos una amplia agenda que incluy\u00f3 encabezar el desfile militar en los Campos El\u00edseos por la fiesta nacional celebrada en Francia cada 14 de julio.<\/p>\n<h6> 2018-03-21 14:19:25 <\/h6>\n<p><!--\n<link rel=\"stylesheet\" href=\"css\/bootstrap.min.css\">\n\n\n<ul class=\"pagination\">\n\t    \n\t\n\n<li >\n\t<a href='?page_no=10970'>Previous<\/a>\n\t<\/li>\n\n\n       \n    \n\n<li><a href='?page_no=1'>1<\/a><\/li>\n\n\n\n<li><a href='?page_no=2'>2<\/a><\/li>\n\n\n\n<li><a>...<\/a><\/li>\n\n\n\n<li><a href='?page_no=10969'>10969<\/a><\/li>\n\n\n\n<li><a href='?page_no=10970'>10970<\/a><\/li>\n\n\n\n<li class='active'><a>10971<\/a><\/li>\n\n\n\n<li><a href='?page_no=10972'>10972<\/a><\/li>\n\n\n\n<li><a href='?page_no=10973'>10973<\/a><\/li>\n\n\n\n<li><a>...<\/a><\/li>\n\n\n\n<li><a href='?page_no=51012'>51012<\/a><\/li>\n\n\n\n<li><a href='?page_no=51013'>51013<\/a><\/li>\n\n    \n\t\n\n<li >\n\t<a href='?page_no=10972'>Next<\/a>\n\t<\/li>\n\n\n    \n\n<li><a href='?page_no=51013'>Last &rsaquo;&rsaquo;<\/a><\/li>\n\n<\/ul>\n\n\n--><br \/>\n<\/body><\/p>\n","protected":false},"excerpt":{"rendered":"<p>Par\u00eds, 21 mar (PL) El presidente de Francia, Emmanuel Macron, pronunciar\u00e1 un discurso ante el Congreso de Estados Unidos como parte de su visita en abril pr\u00f3ximo a esa naci\u00f3n, destac\u00f3 hoy la prensa gala. Los medios de comunicaci\u00f3n se hacen eco del anuncio realizado por el presidente de la C\u00e1mara de Representantes estadounidense, Paul [&hellip;]<\/p>\n","protected":false},"author":3,"featured_media":0,"comment_status":"open","ping_status":"open","sticky":false,"template":"","format":"standard","meta":{"footnotes":""},"categories":[23],"tags":[],"class_list":["post-231350","post","type-post","status-publish","format-standard","hentry","category-internacional"],"_links":{"self":[{"href":"https:\/\/diariodominicano.com\/index.php?rest_route=\/wp\/v2\/posts\/231350","targetHints":{"allow":["GET"]}}],"collection":[{"href":"https:\/\/diariodominicano.com\/index.php?rest_route=\/wp\/v2\/posts"}],"about":[{"href":"https:\/\/diariodominicano.com\/index.php?rest_route=\/wp\/v2\/types\/post"}],"author":[{"embeddable":true,"href":"https:\/\/diariodominicano.com\/index.php?rest_route=\/wp\/v2\/users\/3"}],"replies":[{"embeddable":true,"href":"https:\/\/diariodominicano.com\/index.php?rest_route=%2Fwp%2Fv2%2Fcomments&post=231350"}],"version-history":[{"count":0,"href":"https:\/\/diariodominicano.com\/index.php?rest_route=\/wp\/v2\/posts\/231350\/revisions"}],"wp:attachment":[{"href":"https:\/\/diariodominicano.com\/index.php?rest_route=%2Fwp%2Fv2%2Fmedia&parent=231350"}],"wp:term":[{"taxonomy":"category","embeddable":true,"href":"https:\/\/diariodominicano.com\/index.php?rest_route=%2Fwp%2Fv2%2Fcategories&post=231350"},{"taxonomy":"post_tag","embeddable":true,"href":"https:\/\/diariodominicano.com\/index.php?rest_route=%2Fwp%2Fv2%2Ftags&post=231350"}],"curies":[{"name":"wp","href":"https:\/\/api.w.org\/{rel}","templated":true}]}}