{"id":231349,"date":"2018-03-21T14:21:48","date_gmt":"2018-03-21T14:21:48","guid":{"rendered":"http:\/\/diariodominicano.ddns.net\/?p=231349"},"modified":"2018-03-21T14:21:48","modified_gmt":"2018-03-21T14:21:48","slug":"reconoce-merkel-impacto-politico-en-alemania-de-la-crisis-migratoria","status":"publish","type":"post","link":"https:\/\/diariodominicano.com\/?p=231349","title":{"rendered":"Reconoce Merkel impacto pol\u00edtico en Alemania de la crisis migratoria"},"content":{"rendered":"<p><body><\/p>\n<p><img decoding=\"async\" src=\"img3\/merkel-refugiados.jpg\" \/>  <\/p>\n<p><span class=\"text1noticias\">Berl\u00edn, 21 mar (PL) La canciller federal de Alemania, Angela Merkel, reconoci\u00f3 hoy, en su primera declaraci\u00f3n de gobierno de la nueva legislatura, que la crisis de los refugiados dividi\u00f3 a la sociedad germana.<\/span><\/p>\n<\/p>\n<p><span class=\"text1noticias\">Al comienzo de su cuarto mandato, Merkel afirm\u00f3 que el debate sobre la inmigraci\u00f3n irregular masiva polariz\u00f3 al pa\u00eds y provoc\u00f3 un clima m\u00e1s agresivo en los debates pol\u00edticos.<\/span><\/p>\n<\/p>\n<p><span class=\"text1noticias\">La mandataria asever\u00f3 que &#8216;a pesar de que a Alemania le va hoy d\u00eda mejor como nunca desde hace la reunificaci\u00f3n del pa\u00eds en 1990, muchos ciudadanos est\u00e1n preocupados y tienen dudas sobre el funcionamiento del Estado de derecho&#8217;.<\/span><\/p>\n<\/p>\n<p><span class=\"text1noticias\">Con este comentario, la l\u00edder democristiana se remiti\u00f3 al controvertido debate sobre su decisi\u00f3n de abrir las fronteras en el punto culminante de la crisis de los refugiados, en 2015, que posibilit\u00f3 la entrada a cientos de miles de personas.<\/span><\/p>\n<\/p>\n<p><span class=\"text1noticias\">La canciller federal lament\u00f3 que, dada la polarizaci\u00f3n de la sociedad alemana, la simple frase &#8216;lo vamos a lograr&#8217;, expresada por ella en aquel tiempo, en relaci\u00f3n con el enfrentamiento a la crisis migratoria, fue manipulada por sus detractores para agudizar el debate sobre ese asunto.<\/span><\/p>\n<\/p>\n<p><span class=\"text1noticias\">Manifest\u00f3 que las cr\u00edticas a su pol\u00edtica hacia los refugiados afectaron a las tres fuerzas pol\u00edticas de la coalici\u00f3n gubernamental integrada por la Uni\u00f3n Dem\u00f3crata Cristiana, el Partido Social Dem\u00f3crata y la Uni\u00f3n Social Cristiana, que sufrieron sus consecuencias en la campa\u00f1a electoral el pasado a\u00f1o.<\/span><\/p>\n<\/p>\n<p><span class=\"text1noticias\">La crisis de la sociedad alemana y las dudas en la poblaci\u00f3n tambi\u00e9n dificultaron el proceso iniciado tras los comicios de septiembre de 2017, para la reciente formaci\u00f3n del nuevo gobierno, que fue el m\u00e1s dilatado en la historia del pa\u00eds, agreg\u00f3 <\/span><\/p>\n<\/p>\n<p><span class=\"text1noticias\">En su declaraci\u00f3n, Merkel expres\u00f3 su intenci\u00f3n de combatir las divisiones en la sociedad alemana.<\/span><\/p>\n<\/p>\n<p><span class=\"text1noticias\">&#8216;Voy a trabajar cada d\u00eda y de la ma\u00f1ana hasta la noche de acuerdo a mi leal saber y entender, con toda mi fuerza y energ\u00eda, para lograr lo mejor para los ciudadanos y todos las personas que viven en nuestro pa\u00eds&#8217;, concluy\u00f3.<\/span><\/p>\n<\/p>\n<h6> 2018-03-21 14:21:48 <\/h6>\n<p><!--\n<link rel=\"stylesheet\" href=\"css\/bootstrap.min.css\">\n\n\n<ul class=\"pagination\">\n\t    \n\t\n\n<li >\n\t<a href='?page_no=10969'>Previous<\/a>\n\t<\/li>\n\n\n       \n    \n\n<li><a href='?page_no=1'>1<\/a><\/li>\n\n\n\n<li><a href='?page_no=2'>2<\/a><\/li>\n\n\n\n<li><a>...<\/a><\/li>\n\n\n\n<li><a href='?page_no=10968'>10968<\/a><\/li>\n\n\n\n<li><a href='?page_no=10969'>10969<\/a><\/li>\n\n\n\n<li class='active'><a>10970<\/a><\/li>\n\n\n\n<li><a href='?page_no=10971'>10971<\/a><\/li>\n\n\n\n<li><a href='?page_no=10972'>10972<\/a><\/li>\n\n\n\n<li><a>...<\/a><\/li>\n\n\n\n<li><a href='?page_no=51012'>51012<\/a><\/li>\n\n\n\n<li><a href='?page_no=51013'>51013<\/a><\/li>\n\n    \n\t\n\n<li >\n\t<a href='?page_no=10971'>Next<\/a>\n\t<\/li>\n\n\n    \n\n<li><a href='?page_no=51013'>Last &rsaquo;&rsaquo;<\/a><\/li>\n\n<\/ul>\n\n\n--><br \/>\n<\/body><\/p>\n","protected":false},"excerpt":{"rendered":"<p>Berl\u00edn, 21 mar (PL) La canciller federal de Alemania, Angela Merkel, reconoci\u00f3 hoy, en su primera declaraci\u00f3n de gobierno de la nueva legislatura, que la crisis de los refugiados dividi\u00f3 a la sociedad germana. Al comienzo de su cuarto mandato, Merkel afirm\u00f3 que el debate sobre la inmigraci\u00f3n irregular masiva polariz\u00f3 al pa\u00eds y provoc\u00f3 [&hellip;]<\/p>\n","protected":false},"author":3,"featured_media":0,"comment_status":"open","ping_status":"open","sticky":false,"template":"","format":"standard","meta":{"footnotes":""},"categories":[23],"tags":[],"class_list":["post-231349","post","type-post","status-publish","format-standard","hentry","category-internacional"],"_links":{"self":[{"href":"https:\/\/diariodominicano.com\/index.php?rest_route=\/wp\/v2\/posts\/231349","targetHints":{"allow":["GET"]}}],"collection":[{"href":"https:\/\/diariodominicano.com\/index.php?rest_route=\/wp\/v2\/posts"}],"about":[{"href":"https:\/\/diariodominicano.com\/index.php?rest_route=\/wp\/v2\/types\/post"}],"author":[{"embeddable":true,"href":"https:\/\/diariodominicano.com\/index.php?rest_route=\/wp\/v2\/users\/3"}],"replies":[{"embeddable":true,"href":"https:\/\/diariodominicano.com\/index.php?rest_route=%2Fwp%2Fv2%2Fcomments&post=231349"}],"version-history":[{"count":0,"href":"https:\/\/diariodominicano.com\/index.php?rest_route=\/wp\/v2\/posts\/231349\/revisions"}],"wp:attachment":[{"href":"https:\/\/diariodominicano.com\/index.php?rest_route=%2Fwp%2Fv2%2Fmedia&parent=231349"}],"wp:term":[{"taxonomy":"category","embeddable":true,"href":"https:\/\/diariodominicano.com\/index.php?rest_route=%2Fwp%2Fv2%2Fcategories&post=231349"},{"taxonomy":"post_tag","embeddable":true,"href":"https:\/\/diariodominicano.com\/index.php?rest_route=%2Fwp%2Fv2%2Ftags&post=231349"}],"curies":[{"name":"wp","href":"https:\/\/api.w.org\/{rel}","templated":true}]}}