{"id":231347,"date":"2018-03-21T14:29:35","date_gmt":"2018-03-21T14:29:35","guid":{"rendered":"http:\/\/diariodominicano.ddns.net\/?p=231347"},"modified":"2018-03-21T14:29:35","modified_gmt":"2018-03-21T14:29:35","slug":"altas-expectativas-por-visita-de-presidente-surcoreano-a-vietnam","status":"publish","type":"post","link":"https:\/\/diariodominicano.com\/?p=231347","title":{"rendered":"Altas expectativas por visita de presidente surcoreano a Vietnam"},"content":{"rendered":"<p><body><\/p>\n<p><span class=\"text1noticias\">Hanoi, 21 mar (PL) La inminente visita a Vietnam del presidente de Corea del Sur, Moon Jae In, acrecent\u00f3 hoy auspiciosos comentarios entre medios gubernamentales, diplom\u00e1ticos y period\u00edsticos de los dos pa\u00edses.<\/span><\/p>\n<\/p>\n<p><span class=\"text1noticias\">En declaraciones a la Agencia Vietnamita de Noticias (VNA), el propio mandatario manifest\u00f3 en Se\u00fal que esta ser\u00e1 una buena ocasi\u00f3n para consolidar a\u00fan m\u00e1s la cooperaci\u00f3n, la amistad y la confianza mutua.<\/span><\/p>\n<\/p>\n<p><span class=\"text1noticias\">&#8216;Mantengo encuentros regulares con los dirigentes vietnamitas dado el car\u00e1cter especial de los nexos binacionales, que fueron establecidos en 1992 y registran avances sorprendentes en todos los sectores&#8217;, apunt\u00f3.<\/span><\/p>\n<\/p>\n<p><span class=\"text1noticias\">Tambi\u00e9n en Se\u00fal, el diario en ingl\u00e9s The Korea Times subray\u00f3 que Vietnam es una naci\u00f3n clave en la nueva pol\u00edtica de Moon Jae-in hacia el sur.<\/span><\/p>\n<\/p>\n<p><span class=\"text1noticias\">Jae-in tratar\u00e1 de fomentar la cooperaci\u00f3n con ese pa\u00eds en terrenos como el comercio, las inversiones, el transporte, la infraestructura y la energ\u00eda, se\u00f1al\u00f3 el peri\u00f3dico.<\/span><\/p>\n<\/p>\n<p><span class=\"text1noticias\">Con este, su primer viaje al exterior en el nuevo a\u00f1o, el presidente surcoreano atender\u00e1 una invitaci\u00f3n de su colega Tran Dai Quang.<\/span><\/p>\n<\/p>\n<p><span class=\"text1noticias\">Durante su estancia aqu\u00ed de jueves a s\u00e1bado, el dignatario sostendr\u00e1 conversaciones oficiales con Dai Quang y se entrevistar\u00e1 por separado con el secretario general del Partido Comunista, Nguyen Phu Trong; el primer ministro Nguyen Xuan Phuc, y la presidenta de la Asamblea Nacional, Nguyen Thi Kim Ngan.<\/span><\/p>\n<\/p>\n<p><span class=\"text1noticias\">Tambi\u00e9n se reunir\u00e1 con el equipo de f\u00fatbol sub23 de Vietnam, que bajo la direcci\u00f3n del entrenador surcoreano Park Hang-seo conquist\u00f3 fuera de todo pron\u00f3stico la medalla de plata en el Campeonato Asi\u00e1tico de esa disciplina.<\/span><\/p>\n<\/p>\n<p><span class=\"text1noticias\">El embajador vietnamita en Se\u00fal, Nguyen Vu Tu, se\u00f1al\u00f3 que esta ser\u00e1 una ocasi\u00f3n excepcional para aumentar los intercambios comerciales a 100 mil millones de d\u00f3lares en el 2020, desde sus actuales 63 mil 900 millones.<\/span><\/p>\n<\/p>\n<p><span class=\"text1noticias\">Vu Tu tambi\u00e9n formul\u00f3 votos por estimular las inversiones surcoreanas, sobre todo en infraestructura, alta tecnolog\u00eda y energ\u00edas renovables.<\/span><\/p>\n<\/p>\n<p><span class=\"text1noticias\">Corea del Sur es el mayor inversor extranjero en Vietnam con m\u00e1s de 57 mil millones de d\u00f3lares, casi la cuarta parte del total de capitales for\u00e1neos colocados en la naci\u00f3n indochina.<\/span><\/p>\n<\/p>\n<p><span class=\"text1noticias\">En Hanoi, los medios de prensa escritos, radiales, televisivos y digitales ponen de realce el nivel que han alcanzado las relaciones bilaterales, sobre todo tras la firma un acuerdo de asociaci\u00f3n integral en el 2001 y de asociaci\u00f3n estrat\u00e9gica en el 2009.<\/span><\/p>\n<\/p>\n<h6> 2018-03-21 14:29:35 <\/h6>\n<p><!--\n<link rel=\"stylesheet\" href=\"css\/bootstrap.min.css\">\n\n\n<ul class=\"pagination\">\n\t    \n\t\n\n<li >\n\t<a href='?page_no=10968'>Previous<\/a>\n\t<\/li>\n\n\n       \n    \n\n<li><a href='?page_no=1'>1<\/a><\/li>\n\n\n\n<li><a href='?page_no=2'>2<\/a><\/li>\n\n\n\n<li><a>...<\/a><\/li>\n\n\n\n<li><a href='?page_no=10967'>10967<\/a><\/li>\n\n\n\n<li><a href='?page_no=10968'>10968<\/a><\/li>\n\n\n\n<li class='active'><a>10969<\/a><\/li>\n\n\n\n<li><a href='?page_no=10970'>10970<\/a><\/li>\n\n\n\n<li><a href='?page_no=10971'>10971<\/a><\/li>\n\n\n\n<li><a>...<\/a><\/li>\n\n\n\n<li><a href='?page_no=51012'>51012<\/a><\/li>\n\n\n\n<li><a href='?page_no=51013'>51013<\/a><\/li>\n\n    \n\t\n\n<li >\n\t<a href='?page_no=10970'>Next<\/a>\n\t<\/li>\n\n\n    \n\n<li><a href='?page_no=51013'>Last &rsaquo;&rsaquo;<\/a><\/li>\n\n<\/ul>\n\n\n--><br \/>\n<\/body><\/p>\n","protected":false},"excerpt":{"rendered":"<p>Hanoi, 21 mar (PL) La inminente visita a Vietnam del presidente de Corea del Sur, Moon Jae In, acrecent\u00f3 hoy auspiciosos comentarios entre medios gubernamentales, diplom\u00e1ticos y period\u00edsticos de los dos pa\u00edses. En declaraciones a la Agencia Vietnamita de Noticias (VNA), el propio mandatario manifest\u00f3 en Se\u00fal que esta ser\u00e1 una buena ocasi\u00f3n para consolidar [&hellip;]<\/p>\n","protected":false},"author":3,"featured_media":0,"comment_status":"open","ping_status":"open","sticky":false,"template":"","format":"standard","meta":{"footnotes":""},"categories":[23],"tags":[],"class_list":["post-231347","post","type-post","status-publish","format-standard","hentry","category-internacional"],"_links":{"self":[{"href":"https:\/\/diariodominicano.com\/index.php?rest_route=\/wp\/v2\/posts\/231347","targetHints":{"allow":["GET"]}}],"collection":[{"href":"https:\/\/diariodominicano.com\/index.php?rest_route=\/wp\/v2\/posts"}],"about":[{"href":"https:\/\/diariodominicano.com\/index.php?rest_route=\/wp\/v2\/types\/post"}],"author":[{"embeddable":true,"href":"https:\/\/diariodominicano.com\/index.php?rest_route=\/wp\/v2\/users\/3"}],"replies":[{"embeddable":true,"href":"https:\/\/diariodominicano.com\/index.php?rest_route=%2Fwp%2Fv2%2Fcomments&post=231347"}],"version-history":[{"count":0,"href":"https:\/\/diariodominicano.com\/index.php?rest_route=\/wp\/v2\/posts\/231347\/revisions"}],"wp:attachment":[{"href":"https:\/\/diariodominicano.com\/index.php?rest_route=%2Fwp%2Fv2%2Fmedia&parent=231347"}],"wp:term":[{"taxonomy":"category","embeddable":true,"href":"https:\/\/diariodominicano.com\/index.php?rest_route=%2Fwp%2Fv2%2Fcategories&post=231347"},{"taxonomy":"post_tag","embeddable":true,"href":"https:\/\/diariodominicano.com\/index.php?rest_route=%2Fwp%2Fv2%2Ftags&post=231347"}],"curies":[{"name":"wp","href":"https:\/\/api.w.org\/{rel}","templated":true}]}}