{"id":231346,"date":"2018-03-21T14:47:23","date_gmt":"2018-03-21T14:47:23","guid":{"rendered":"http:\/\/diariodominicano.ddns.net\/?p=231346"},"modified":"2018-03-21T14:47:23","modified_gmt":"2018-03-21T14:47:23","slug":"lopez-obrador-recibe-nuevo-apoyo-para-candidatura-presidencial","status":"publish","type":"post","link":"https:\/\/diariodominicano.com\/?p=231346","title":{"rendered":"L\u00f3pez Obrador recibe nuevo apoyo para candidatura presidencial"},"content":{"rendered":"<p><body><\/p>\n<p><img decoding=\"async\" src=\"img3\/amlo-debates.jpg\" \/>  <\/p>\n<p>M\u00e9xico, 21 mar (PL) La candidatura presidencial de Andr\u00e9s Manuel L\u00f3pez Obrador recibi\u00f3 hoy nuevos apoyos con el respaldo de mil 200 j\u00f3venes que abandonaron las filas del Partido de la Revoluci\u00f3n Democr\u00e1tica (PRD).<\/p>\n<\/p>\n<p>Resulta otra disidencia en el seno del PRD por su coalici\u00f3n en favor de las aspiraciones presidenciales de Ricardo Anaya, del Partido Acci\u00f3n Nacional (PAN), considerado aqu\u00ed a la derecha del espectro ideol\u00f3gico.<\/p>\n<\/p>\n<p>El PAN fue art\u00edfice del fraude que impidi\u00f3 la victoria de L\u00f3pez Obrador en su primera contienda por el m\u00e1ximo puesto de votaci\u00f3n popular en 2006, cuando las autoridades electorales certificaron la victoria del panista Felipe Calder\u00f3n, argumentaron los experredistas.<\/p>\n<\/p>\n<p>Isaac Montoya, dirigente juvenil del Movimiento de Regeneraci\u00f3n Nacional (Morena) les dio la bienvenida y afirm\u00f3 que Anaya (coalici\u00f3n Por M\u00e9xico al Frente que integran PAN, PRD y Movimiento Ciudadano) no representa los intereses de los j\u00f3venes mexicanos, seg\u00fan el diario Exc\u00e9lsior.<\/p>\n<h6> 2018-03-21 14:47:23 <\/h6>\n<p><!--\n<link rel=\"stylesheet\" href=\"css\/bootstrap.min.css\">\n\n\n<ul class=\"pagination\">\n\t    \n\t\n\n<li >\n\t<a href='?page_no=10967'>Previous<\/a>\n\t<\/li>\n\n\n       \n    \n\n<li><a href='?page_no=1'>1<\/a><\/li>\n\n\n\n<li><a href='?page_no=2'>2<\/a><\/li>\n\n\n\n<li><a>...<\/a><\/li>\n\n\n\n<li><a href='?page_no=10966'>10966<\/a><\/li>\n\n\n\n<li><a href='?page_no=10967'>10967<\/a><\/li>\n\n\n\n<li class='active'><a>10968<\/a><\/li>\n\n\n\n<li><a href='?page_no=10969'>10969<\/a><\/li>\n\n\n\n<li><a href='?page_no=10970'>10970<\/a><\/li>\n\n\n\n<li><a>...<\/a><\/li>\n\n\n\n<li><a href='?page_no=51012'>51012<\/a><\/li>\n\n\n\n<li><a href='?page_no=51013'>51013<\/a><\/li>\n\n    \n\t\n\n<li >\n\t<a href='?page_no=10969'>Next<\/a>\n\t<\/li>\n\n\n    \n\n<li><a href='?page_no=51013'>Last &rsaquo;&rsaquo;<\/a><\/li>\n\n<\/ul>\n\n\n--><br \/>\n<\/body><\/p>\n","protected":false},"excerpt":{"rendered":"<p>M\u00e9xico, 21 mar (PL) La candidatura presidencial de Andr\u00e9s Manuel L\u00f3pez Obrador recibi\u00f3 hoy nuevos apoyos con el respaldo de mil 200 j\u00f3venes que abandonaron las filas del Partido de la Revoluci\u00f3n Democr\u00e1tica (PRD). Resulta otra disidencia en el seno del PRD por su coalici\u00f3n en favor de las aspiraciones presidenciales de Ricardo Anaya, del [&hellip;]<\/p>\n","protected":false},"author":3,"featured_media":0,"comment_status":"open","ping_status":"open","sticky":false,"template":"","format":"standard","meta":{"footnotes":""},"categories":[23],"tags":[],"class_list":["post-231346","post","type-post","status-publish","format-standard","hentry","category-internacional"],"_links":{"self":[{"href":"https:\/\/diariodominicano.com\/index.php?rest_route=\/wp\/v2\/posts\/231346","targetHints":{"allow":["GET"]}}],"collection":[{"href":"https:\/\/diariodominicano.com\/index.php?rest_route=\/wp\/v2\/posts"}],"about":[{"href":"https:\/\/diariodominicano.com\/index.php?rest_route=\/wp\/v2\/types\/post"}],"author":[{"embeddable":true,"href":"https:\/\/diariodominicano.com\/index.php?rest_route=\/wp\/v2\/users\/3"}],"replies":[{"embeddable":true,"href":"https:\/\/diariodominicano.com\/index.php?rest_route=%2Fwp%2Fv2%2Fcomments&post=231346"}],"version-history":[{"count":0,"href":"https:\/\/diariodominicano.com\/index.php?rest_route=\/wp\/v2\/posts\/231346\/revisions"}],"wp:attachment":[{"href":"https:\/\/diariodominicano.com\/index.php?rest_route=%2Fwp%2Fv2%2Fmedia&parent=231346"}],"wp:term":[{"taxonomy":"category","embeddable":true,"href":"https:\/\/diariodominicano.com\/index.php?rest_route=%2Fwp%2Fv2%2Fcategories&post=231346"},{"taxonomy":"post_tag","embeddable":true,"href":"https:\/\/diariodominicano.com\/index.php?rest_route=%2Fwp%2Fv2%2Ftags&post=231346"}],"curies":[{"name":"wp","href":"https:\/\/api.w.org\/{rel}","templated":true}]}}