{"id":231345,"date":"2018-03-21T21:01:30","date_gmt":"2018-03-21T21:01:30","guid":{"rendered":"http:\/\/diariodominicano.ddns.net\/?p=231345"},"modified":"2018-03-21T21:01:30","modified_gmt":"2018-03-21T21:01:30","slug":"renuncia-de-kuczynski-deja-en-incertidumbre-a-peru-dicen-analistas","status":"publish","type":"post","link":"https:\/\/diariodominicano.com\/?p=231345","title":{"rendered":"Renuncia de Kuczynski deja en incertidumbre a Per\u00fa, dicen analistas"},"content":{"rendered":"<p><body><\/p>\n<p><img decoding=\"async\" src=\"img3\/137055906_1521679784401_title0h.jpg\" \/>  <\/p>\n<p><strong> <\/strong><\/p>\n<p><strong>   Por Juan Limachi y Carlos Acat<\/strong><\/p>\n<p><strong>   LIMA, 21 mar (Xinhua) &#8212;<\/strong> La crisis pol\u00edtica que provoc\u00f3 la renuncia del presidente peruano, Pedro Pablo Kuczynski, ha dejado a Per\u00fa en una situaci\u00f3n de incertidumbre que ha paralizado al pa\u00eds, alertaron hoy los analistas y acad\u00e9micos Fernando Tuesta y Eduardo Dargent.<\/p>\n<\/p>\n<p>   Tuesta, doctor en Ciencias Sociales de la Universidad Nacional Mayor de San Marcos, lament\u00f3 que el gobierno de Kuczynski haya generado tal nivel de inseguridad y que los inversionistas se encuentren a la expectativa de mejores tiempos pol\u00edticos.<\/p>\n<\/p>\n<p>   \u00abLa incertidumbre que es grande y ha sido prolongada, desde diciembre, ha llegado a una situaci\u00f3n empresarial en que los empresarios no saben qu\u00e9 va pasar. No toman decisiones, por el lado empresarial\u00bb, subray\u00f3.<\/p>\n<\/p>\n<p>   El Congreso peruano decidir\u00e1 en las pr\u00f3ximas horas si acepta la renuncia de Kuczynski o no, entre tanto contin\u00faa con el proceso de vacancia, como estaba previsto antes de la renuncia.<\/p>\n<\/p>\n<p>   Tuesta sostuvo que la paralizaci\u00f3n se genera en el sector p\u00fablico y privado, ante lo cual los funcionarios de confianza del gobierno peruano se encuentran a la espera de ser despidos. <\/p>\n<\/p>\n<p>   \u00abPor el lado del gobierno, muchos no saben qu\u00e9 hacer y, adem\u00e1s, no saben si ma\u00f1ana estar\u00e1n algunos ministros, viceministros, secretarios generales\u00bb, dijo el tambi\u00e9n autor del libro \u00abEl sistema de partidos en la regi\u00f3n andina: construcci\u00f3n y desarrollo\u00bb.<\/p>\n<\/p>\n<p>   Seg\u00fan el analista pol\u00edtico, algunos funcionarios del presidente renunciante ya se encontraban a la b\u00fasqueda de trabajo, conscientes de la posibilidad de perder el cargo.<\/p>\n<\/p>\n<p>   Explic\u00f3 que \u00abcuando llega un nuevo ministro cambia la plana superior y, a su vez, estos traen otros, todo eso genera niveles de inseguridad\u00bb.<\/p>\n<\/p>\n<p>   Tuesta, quien es licenciado en Sociolog\u00eda de la Pontifica Universidad Cat\u00f3lica del Per\u00fa (PUCP), y profesor en esa universidad, tambi\u00e9n puso en duda que se cumpla la meta de crecimiento econ\u00f3mico fijado por el Ministerio de Econom\u00eda y Finanzas para 2018, por encima de 4 por ciento.<\/p>\n<\/p>\n<p>   \u00abCreo que el da\u00f1o est\u00e1 hecho, en t\u00e9rminos de la econom\u00eda. No s\u00e9 si es que los n\u00fameros que planeaban para fin de a\u00f1o se vayan a cumplir, y todos debemos coincidir en que ser\u00e1 muy dif\u00edcil\u00bb, agreg\u00f3.<\/p>\n<\/p>\n<p>   Por su parte, el soci\u00f3logo Eduardo Dargent, profesor del Departamento de Ciencias Sociales de la PUCP, lament\u00f3 la paralizaci\u00f3n del presidente peruano y de su equipo ministerial en los \u00faltimos d\u00edas.<\/p>\n<\/p>\n<p>   \u00abMinistros que est\u00e1n paralizados, gobierno que ha estado jugando con salvar la cabeza del presidente a cambio de paralizar reformas, entregar prebendas y cambiar funcionarios, es lo peor para la econom\u00eda\u00bb, explic\u00f3.<\/p>\n<\/p>\n<p>   Dargent coment\u00f3 que el ritmo de expansi\u00f3n del Producto Interno Bruto (PIB) result\u00f3 afectado en los \u00faltimos d\u00edas del gobierno de Kuczynski, debido a que todos los esfuerzos estuvieron dirigidos a combatir la moci\u00f3n de vacancia promovida por la oposici\u00f3n.<\/p>\n<\/p>\n<p>   \u00abEra un gobierno obsesionado por la econom\u00eda, sin pensar que la pol\u00edtica deber\u00eda estar detr\u00e1s de este crecimiento y el fracaso ha sido brutal\u00bb, anot\u00f3 el tambi\u00e9n doctor en Ciencias Pol\u00edticas de la Universidad de Austin, Texas, con maestr\u00eda en la Universidad de York, Reino Unido.<\/p>\n<\/p>\n<p>   Dargent critic\u00f3 tambi\u00e9n al equipo de trabajo del gobernante renunciante, que fue presentado como un grupo de profesionales t\u00e9cnicos al servicio del pa\u00eds.<\/p>\n<\/p>\n<p>   \u00abEl gobierno de los t\u00e9cnicos, en realidad eran gerentes vinculados a empresas, fracas\u00f3 en aquello que supuestamente sab\u00edan hacer\u00bb, abund\u00f3 el autor del libro \u00abContra historia del Per\u00fa: ensayos de historia pol\u00edtica peruana\u00bb.<\/p>\n<\/p>\n<p>   Sobre el vicepresidente peruano, Mart\u00edn Vizcarra, quien suceder\u00e1 a Kuczynski, el analista pol\u00edtico manifest\u00f3 que las expectativas se concentran en c\u00f3mo gobernar\u00e1.<\/p>\n<\/p>\n<p>   \u00abDepender\u00e1 mucho de c\u00f3mo juegue Vizcarra, y depender\u00e1 mucho tambi\u00e9n de c\u00f3mo estas fuerzas en el parlamento llegan a ciertos acuerdos m\u00ednimos o qu\u00e9 es lo que quieren\u00bb, agreg\u00f3.<\/p>\n<\/p>\n<p>   La renuncia del mandatario ser\u00e1 sometida ma\u00f1ana jueves a debate en el pleno del Congreso peruano.<\/p>\n<\/p>\n<p>   Supuestamente Kuczynski se vio forzado a renunciar a su cargo despu\u00e9s que el martes se hizo p\u00fablico un video que mostraba presuntos ofrecimientos para la compra de votos en el Congreso, con el fin de evitar el proceso de vacancia por sus v\u00ednculos con la constructora brasile\u00f1a Odebrecht, inmersa en un esc\u00e1ndalo de sobornos en Per\u00fa.<\/p>\n<\/p>\n<p>   La Constituci\u00f3n peruana establece que el sucesor del presidente es el primer vicepresidente de la Rep\u00fablica, Mart\u00edn Vizcarra, quien en las pr\u00f3ximas horas deber\u00e1 arribar a Per\u00fa desde Canad\u00e1, donde se desempe\u00f1aba como embajador. Fin<\/p>\n<h6> 2018-03-21 21:01:30 <\/h6>\n<p><!--\n<link rel=\"stylesheet\" href=\"css\/bootstrap.min.css\">\n\n\n<ul class=\"pagination\">\n\t    \n\t\n\n<li >\n\t<a href='?page_no=10966'>Previous<\/a>\n\t<\/li>\n\n\n       \n    \n\n<li><a href='?page_no=1'>1<\/a><\/li>\n\n\n\n<li><a href='?page_no=2'>2<\/a><\/li>\n\n\n\n<li><a>...<\/a><\/li>\n\n\n\n<li><a href='?page_no=10965'>10965<\/a><\/li>\n\n\n\n<li><a href='?page_no=10966'>10966<\/a><\/li>\n\n\n\n<li class='active'><a>10967<\/a><\/li>\n\n\n\n<li><a href='?page_no=10968'>10968<\/a><\/li>\n\n\n\n<li><a href='?page_no=10969'>10969<\/a><\/li>\n\n\n\n<li><a>...<\/a><\/li>\n\n\n\n<li><a href='?page_no=51012'>51012<\/a><\/li>\n\n\n\n<li><a href='?page_no=51013'>51013<\/a><\/li>\n\n    \n\t\n\n<li >\n\t<a href='?page_no=10968'>Next<\/a>\n\t<\/li>\n\n\n    \n\n<li><a href='?page_no=51013'>Last &rsaquo;&rsaquo;<\/a><\/li>\n\n<\/ul>\n\n\n--><br \/>\n<\/body><\/p>\n","protected":false},"excerpt":{"rendered":"<p>Por Juan Limachi y Carlos Acat LIMA, 21 mar (Xinhua) &#8212; La crisis pol\u00edtica que provoc\u00f3 la renuncia del presidente peruano, Pedro Pablo Kuczynski, ha dejado a Per\u00fa en una situaci\u00f3n de incertidumbre que ha paralizado al pa\u00eds, alertaron hoy los analistas y acad\u00e9micos Fernando Tuesta y Eduardo Dargent. Tuesta, doctor en Ciencias Sociales de [&hellip;]<\/p>\n","protected":false},"author":3,"featured_media":0,"comment_status":"open","ping_status":"open","sticky":false,"template":"","format":"standard","meta":{"footnotes":""},"categories":[23],"tags":[],"class_list":["post-231345","post","type-post","status-publish","format-standard","hentry","category-internacional"],"_links":{"self":[{"href":"https:\/\/diariodominicano.com\/index.php?rest_route=\/wp\/v2\/posts\/231345","targetHints":{"allow":["GET"]}}],"collection":[{"href":"https:\/\/diariodominicano.com\/index.php?rest_route=\/wp\/v2\/posts"}],"about":[{"href":"https:\/\/diariodominicano.com\/index.php?rest_route=\/wp\/v2\/types\/post"}],"author":[{"embeddable":true,"href":"https:\/\/diariodominicano.com\/index.php?rest_route=\/wp\/v2\/users\/3"}],"replies":[{"embeddable":true,"href":"https:\/\/diariodominicano.com\/index.php?rest_route=%2Fwp%2Fv2%2Fcomments&post=231345"}],"version-history":[{"count":0,"href":"https:\/\/diariodominicano.com\/index.php?rest_route=\/wp\/v2\/posts\/231345\/revisions"}],"wp:attachment":[{"href":"https:\/\/diariodominicano.com\/index.php?rest_route=%2Fwp%2Fv2%2Fmedia&parent=231345"}],"wp:term":[{"taxonomy":"category","embeddable":true,"href":"https:\/\/diariodominicano.com\/index.php?rest_route=%2Fwp%2Fv2%2Fcategories&post=231345"},{"taxonomy":"post_tag","embeddable":true,"href":"https:\/\/diariodominicano.com\/index.php?rest_route=%2Fwp%2Fv2%2Ftags&post=231345"}],"curies":[{"name":"wp","href":"https:\/\/api.w.org\/{rel}","templated":true}]}}