{"id":231344,"date":"2018-03-21T21:24:42","date_gmt":"2018-03-21T21:24:42","guid":{"rendered":"http:\/\/diariodominicano.ddns.net\/?p=231344"},"modified":"2018-03-21T21:24:42","modified_gmt":"2018-03-21T21:24:42","slug":"zuckerberg-admite-errores-tras-filtracion-de-datos-de-usuarios-de-facebookactualizado","status":"publish","type":"post","link":"https:\/\/diariodominicano.com\/?p=231344","title":{"rendered":"Zuckerberg admite errores tras filtraci\u00f3n de datos de usuarios de FacebookActualizado"},"content":{"rendered":"<p><body><\/p>\n<p><img decoding=\"async\" src=\"img3\/137055747_15216794524581n.jpg\" \/><br \/><img decoding=\"async\" src=\"img3\/137055747_15216794524891n.jpg\" \/><br \/><img decoding=\"async\" src=\"img3\/137055747_15216794525201n.jpg\" \/>  <\/p>\n<p><strong>El director de Facebook, Mark Zuckerberg, admiti\u00f3 que su compa\u00f1\u00eda cometi\u00f3 errores en una fuga de datos que caus\u00f3 grave preocupaci\u00f3n por el posible abuso de la privacidad de los usuarios con fines pol\u00edticos<\/strong><\/p>\n<\/p>\n<p> (1)EEUU-SAN FRANCISCO-FACEBOOK-FUGA DE DATOS<\/p>\n<\/p>\n<p><strong>Imagen del 10 de abril de 2005, del director de Facebook, Mark Zuckerberg, pronunciando un discurso durante una reuni\u00f3n en el marco de la Cumbre de las Am\u00e9ricas, en Ciudad de Panam\u00e1, capital de Panam\u00e1. El director de Facebook, Mark Zuckerberg, admiti\u00f3 el mi\u00e9rcoles que su compa\u00f1\u00eda cometi\u00f3 errores en una fuga de datos que caus\u00f3 grave preocupaci\u00f3n por el posible abuso de la privacidad de los usuarios con fines pol\u00edticos. Facebook ha estado en el ojo del hurac\u00e1n desde que se inform\u00f3 que los datos de m\u00e1s de 50 millones de usuarios fueron utilizados de forma indebida por la compa\u00f1\u00eda brit\u00e1nica Cambridge Analytica en actividades presuntamente relacionadas con la campa\u00f1a presidencial de Donald Trump de 2016. (Xinhua\/Pete Souza\/The White House\/ZUMAPRESS)<\/strong><\/p>\n<\/p>\n<p>SAN FRANCISCO, 21 mar (Xinhua) &#8212; El director de Facebook, Mark Zuckerberg, admiti\u00f3 hoy que su compa\u00f1\u00eda cometi\u00f3 errores en una fuga de datos que caus\u00f3 grave preocupaci\u00f3n por el posible abuso de la privacidad de los usuarios con fines pol\u00edticos.<\/p>\n<\/p>\n<p><strong>El director de Facebook, Mark Zuckerberg, admiti\u00f3 que su compa\u00f1\u00eda cometi\u00f3 errores en una fuga de datos que caus\u00f3 grave preocupaci\u00f3n por el posible abuso de la privacidad de los usuarios con fines pol\u00edticos<\/strong><\/p>\n<\/p>\n<p>Facebook ha estado en el ojo del hurac\u00e1n desde que se inform\u00f3 que los datos de m\u00e1s de 50 millones de usuarios fueron utilizados de forma indebida por la compa\u00f1\u00eda brit\u00e1nica Cambridge Analytica en actividades presuntamente relacionadas con la campa\u00f1a presidencial de Donald Trump de 2016.<\/p>\n<\/p>\n<p>Zuckerberg dijo que Facebook tomar\u00e1 medidas para evitar que vuelva a ocurrir esto.<\/p>\n<\/p>\n<p>\u00abHe estado trabajando para entender que ocurri\u00f3 exactamente y para ver c\u00f3mo asegurarnos de que no vuelva a ocurrir\u00bb, a\u00f1adi\u00f3.<\/p>\n<\/p>\n<p>La mayor red social del mundo sufri\u00f3 el lunes su mayor desplome accionario en un solo d\u00eda en cuatro a\u00f1os al perder 7 por ciento en Wall Street.<\/p>\n<\/p>\n<p>Facebook tambi\u00e9n anunci\u00f3 el lunes que contrat\u00f3 la compa\u00f1\u00eda forense digital Stroz Friedberg para investigar la presunta filtraci\u00f3n de los datos de sus usuarios.<\/p>\n<\/p>\n<p>   1 2 3   <\/p>\n<\/p>\n<h6> 2018-03-21 21:24:42 <\/h6>\n<p><!--\n<link rel=\"stylesheet\" href=\"css\/bootstrap.min.css\">\n\n\n<ul class=\"pagination\">\n\t    \n\t\n\n<li >\n\t<a href='?page_no=10965'>Previous<\/a>\n\t<\/li>\n\n\n       \n    \n\n<li><a href='?page_no=1'>1<\/a><\/li>\n\n\n\n<li><a href='?page_no=2'>2<\/a><\/li>\n\n\n\n<li><a>...<\/a><\/li>\n\n\n\n<li><a href='?page_no=10964'>10964<\/a><\/li>\n\n\n\n<li><a href='?page_no=10965'>10965<\/a><\/li>\n\n\n\n<li class='active'><a>10966<\/a><\/li>\n\n\n\n<li><a href='?page_no=10967'>10967<\/a><\/li>\n\n\n\n<li><a href='?page_no=10968'>10968<\/a><\/li>\n\n\n\n<li><a>...<\/a><\/li>\n\n\n\n<li><a href='?page_no=51012'>51012<\/a><\/li>\n\n\n\n<li><a href='?page_no=51013'>51013<\/a><\/li>\n\n    \n\t\n\n<li >\n\t<a href='?page_no=10967'>Next<\/a>\n\t<\/li>\n\n\n    \n\n<li><a href='?page_no=51013'>Last &rsaquo;&rsaquo;<\/a><\/li>\n\n<\/ul>\n\n\n--><br \/>\n<\/body><\/p>\n","protected":false},"excerpt":{"rendered":"<p>El director de Facebook, Mark Zuckerberg, admiti\u00f3 que su compa\u00f1\u00eda cometi\u00f3 errores en una fuga de datos que caus\u00f3 grave preocupaci\u00f3n por el posible abuso de la privacidad de los usuarios con fines pol\u00edticos (1)EEUU-SAN FRANCISCO-FACEBOOK-FUGA DE DATOS Imagen del 10 de abril de 2005, del director de Facebook, Mark Zuckerberg, pronunciando un discurso durante [&hellip;]<\/p>\n","protected":false},"author":3,"featured_media":0,"comment_status":"open","ping_status":"open","sticky":false,"template":"","format":"standard","meta":{"footnotes":""},"categories":[23],"tags":[],"class_list":["post-231344","post","type-post","status-publish","format-standard","hentry","category-internacional"],"_links":{"self":[{"href":"https:\/\/diariodominicano.com\/index.php?rest_route=\/wp\/v2\/posts\/231344","targetHints":{"allow":["GET"]}}],"collection":[{"href":"https:\/\/diariodominicano.com\/index.php?rest_route=\/wp\/v2\/posts"}],"about":[{"href":"https:\/\/diariodominicano.com\/index.php?rest_route=\/wp\/v2\/types\/post"}],"author":[{"embeddable":true,"href":"https:\/\/diariodominicano.com\/index.php?rest_route=\/wp\/v2\/users\/3"}],"replies":[{"embeddable":true,"href":"https:\/\/diariodominicano.com\/index.php?rest_route=%2Fwp%2Fv2%2Fcomments&post=231344"}],"version-history":[{"count":0,"href":"https:\/\/diariodominicano.com\/index.php?rest_route=\/wp\/v2\/posts\/231344\/revisions"}],"wp:attachment":[{"href":"https:\/\/diariodominicano.com\/index.php?rest_route=%2Fwp%2Fv2%2Fmedia&parent=231344"}],"wp:term":[{"taxonomy":"category","embeddable":true,"href":"https:\/\/diariodominicano.com\/index.php?rest_route=%2Fwp%2Fv2%2Fcategories&post=231344"},{"taxonomy":"post_tag","embeddable":true,"href":"https:\/\/diariodominicano.com\/index.php?rest_route=%2Fwp%2Fv2%2Ftags&post=231344"}],"curies":[{"name":"wp","href":"https:\/\/api.w.org\/{rel}","templated":true}]}}